{"id":46426,"date":"2025-04-10T13:45:40","date_gmt":"2025-04-10T13:45:40","guid":{"rendered":"https:\/\/247stiri.ro\/index.php\/2025\/04\/10\/marcel-ciolacu-sterge-pe-jos-cu-victor-ponta-si-ii-cere-sa-se-retraga-din-alegerile-prezidentiale-sa-recunosti-senin-ca-ai-fost-de-acord-sa-inunzi-sate-romanesti-pentru-a-salva-orase-strain\/"},"modified":"2025-04-10T13:45:40","modified_gmt":"2025-04-10T13:45:40","slug":"marcel-ciolacu-sterge-pe-jos-cu-victor-ponta-si-ii-cere-sa-se-retraga-din-alegerile-prezidentiale-sa-recunosti-senin-ca-ai-fost-de-acord-sa-inunzi-sate-romanesti-pentru-a-salva-orase-strain","status":"publish","type":"post","link":"https:\/\/247stiri.ro\/index.php\/2025\/04\/10\/marcel-ciolacu-sterge-pe-jos-cu-victor-ponta-si-ii-cere-sa-se-retraga-din-alegerile-prezidentiale-sa-recunosti-senin-ca-ai-fost-de-acord-sa-inunzi-sate-romanesti-pentru-a-salva-orase-strain\/","title":{"rendered":"Marcel Ciolacu \u0219terge pe jos cu Victor Ponta \u0219i \u00eei cere s\u0103 se retrag\u0103 din alegerile preziden\u021biale: \u201eS\u0103 recuno\u0219ti senin c\u0103 ai fost de acord  s\u0103 inunzi sate rom\u00e2ne\u0219ti pentru a salva ora\u0219e str\u0103ine, e clar c\u0103 joaca de-a suveranismul nu mai \u021bine\u201d"},"content":{"rendered":"<p>Ciolacu a subliniat c\u0103, \u00een calitate de lider al \u021b\u0103rii, responsabilitatea de a lua decizii dificile vine cu obliga\u021bia de a fi transparent fa\u021b\u0103 de cet\u0103\u021beni. El a men\u021bionat c\u0103 recunoa\u0219terea public\u0103 a deciziei care a dus la inunda\u021bii \u00een sate rom\u00e2ne\u0219ti, \u00een favoarea salv\u0103rii ora\u0219elor str\u0103ine, nu poate fi prezentat\u0103 ca o realizare. De asemenea, a subliniat c\u0103 primirea cet\u0103\u021beniei unui alt stat, \u00een urma acestor decizii, ridic\u0103 semne de \u00eentrebare asupra angajamentului s\u0103u fa\u021b\u0103 de Rom\u00e2nia.<\/p>\n<p>\u201eC\u00e2nd e\u0219ti prim-ministru sunt multe momente \u00een care e\u0219ti nevoit s\u0103 iei decizii grele. Dar ele nu trebuie ascunse niciodat\u0103 de proprii cet\u0103\u021beni.S\u0103 recuno\u0219ti senin \u2013 dup\u0103 ani de zile! &#8211; c\u0103 ai fost de acord, \u00een calitate de prim-ministru al Rom\u00e2niei, s\u0103 inunzi sate rom\u00e2ne\u0219ti pentru a salva ora\u0219e str\u0103ine \u0219i s\u0103 te lauzi c\u0103, drept recompens\u0103, ai primit cet\u0103\u021benia altui stat, e clar c\u0103 joaca de-a suveranismul nu mai \u021bine!Orice scuz\u0103 ai invoca, fiecare cet\u0103\u021bean al acestei \u021b\u0103ri a\u0219teapt\u0103 de la un demnitar &#8211; fie el pre\u0219edinte, premier sau orice altceva, s\u0103-\u0219i apere propria \u021bar\u0103 \u0219i proprii cet\u0103\u021beni! \u00cen niciun caz nu te mai crede nimeni c\u0103 e\u0219ti suveranist \u0219i c\u0103 mori cu to\u021bi de g\u00e2t pentru poporul \u0219i \u021bara ta!Victor, ia m\u0103car acum o decizie \u00een\u021beleapt\u0103! Retrage-te din curs\u0103 ! Niciun pesedist nu \u00eel vrea pe Nicu\u0219or Dan pre\u0219edinte! R\u0103scump\u0103r\u0103-\u021bi m\u0103car \u00een al doisprezecelea ceas imensa gre\u0219eal\u0103 f\u0103cut\u0103 atunci! Pune m\u0103car acum Rom\u00e2nia, cu adev\u0103rat, pe primul loc!\u201d a scris Marcel Ciolacu pe pagina sa de Facebook.<a title='Sorin Grindeanu cere retragerea suveranistului vopsit din cursa pentru Cotroceni: ,,Ponta admite ca este mai important Belgradul decat Romania\"' href=\"https:\/\/www.realitatea.net\/stiri\/actual\/sorin-grindeanu-cere-retragerea-suveranistului-vopsit-din-cursa-pentru-cotroceni-ponta-admite-ca-este-mai-important-belgradul-decat-romania_67f7c5578f668d6b0f648cf2\">Sorin Grindeanu cere retragerea suveranistului vopsit din cursa pentru Cotroceni: \u201ePonta admite c\u0103 este mai important Belgradul dec\u00e2t Rom\u00e2nia\u201d<\/a><\/p>","protected":false},"excerpt":{"rendered":"<p>Ciolacu a subliniat c\u0103, \u00een calitate de lider al \u021b\u0103rii, responsabilitatea de a lua decizii&hellip;<\/p>\n","protected":false},"author":0,"featured_media":46421,"comment_status":"open","ping_status":"open","sticky":false,"template":"","format":"standard","meta":{"footnotes":""},"categories":[2],"tags":[],"class_list":["post-46426","post","type-post","status-publish","format-standard","has-post-thumbnail","hentry","category-actual"],"_links":{"self":[{"href":"https:\/\/247stiri.ro\/index.php\/wp-json\/wp\/v2\/posts\/46426","targetHints":{"allow":["GET"]}}],"collection":[{"href":"https:\/\/247stiri.ro\/index.php\/wp-json\/wp\/v2\/posts"}],"about":[{"href":"https:\/\/247stiri.ro\/index.php\/wp-json\/wp\/v2\/types\/post"}],"replies":[{"embeddable":true,"href":"https:\/\/247stiri.ro\/index.php\/wp-json\/wp\/v2\/comments?post=46426"}],"version-history":[{"count":0,"href":"https:\/\/247stiri.ro\/index.php\/wp-json\/wp\/v2\/posts\/46426\/revisions"}],"wp:featuredmedia":[{"embeddable":true,"href":"https:\/\/247stiri.ro\/index.php\/wp-json\/wp\/v2\/media\/46421"}],"wp:attachment":[{"href":"https:\/\/247stiri.ro\/index.php\/wp-json\/wp\/v2\/media?parent=46426"}],"wp:term":[{"taxonomy":"category","embeddable":true,"href":"https:\/\/247stiri.ro\/index.php\/wp-json\/wp\/v2\/categories?post=46426"},{"taxonomy":"post_tag","embeddable":true,"href":"https:\/\/247stiri.ro\/index.php\/wp-json\/wp\/v2\/tags?post=46426"}],"curies":[{"name":"wp","href":"https:\/\/api.w.org\/{rel}","templated":true}]}}