{"id":46429,"date":"2025-04-10T13:45:41","date_gmt":"2025-04-10T13:45:41","guid":{"rendered":"https:\/\/247stiri.ro\/index.php\/2025\/04\/10\/anca-alexandrescu-il-face-praf-pe-ponta-in-scandalul-inundatiilor-nu-stiu-ce-a-fost-in-mintea-lui-dar-trebuie-sa-raspunda\/"},"modified":"2025-04-10T13:45:41","modified_gmt":"2025-04-10T13:45:41","slug":"anca-alexandrescu-il-face-praf-pe-ponta-in-scandalul-inundatiilor-nu-stiu-ce-a-fost-in-mintea-lui-dar-trebuie-sa-raspunda","status":"publish","type":"post","link":"https:\/\/247stiri.ro\/index.php\/2025\/04\/10\/anca-alexandrescu-il-face-praf-pe-ponta-in-scandalul-inundatiilor-nu-stiu-ce-a-fost-in-mintea-lui-dar-trebuie-sa-raspunda\/","title":{"rendered":"Anca Alexandrescu \u00eel face praf pe Ponta, \u00een scandalul inunda\u021biilor: Nu \u0219tiu ce a fost \u00een mintea lui, dar trebuie s\u0103 r\u0103spund\u0103"},"content":{"rendered":"<p>&#8222;Ar trebui \u00eentrebat si Arafat, care era \u0219eful DSU, s\u0103 explice cum a fost posibil s\u0103 se ia aceast\u0103 decizie. V\u0103d c\u0103 au murit 4 oameni in Rom\u00e2nia, dar \u0219i peste 20 \u00een Serbia, aceste lucruri trebuie l\u0103murite. Nu \u0219tiu ce a fost \u00een mintea lui Victor Ponta, dar orice ar fi fost, nu poate justifica decizia sa.<\/p>\n<p>Toat\u0103 presa a vorbit despre acest scandal mai pu\u021bin televiziunea fugarului Ghi\u021b\u0103, care \u00eei face campanie atac\u00e2ndu-ne pe noi, pe George Simion, pe C\u0103lin Georgescu, tot ce \u00eenseamn\u0103 suveranism, pentru a \u00eencerca s\u0103 preia din capitalul de imagine \u0219i a-l transfera cumva \u00een spatele lui Victor Ponta.<\/p>\n<p><a href=\"https:\/\/www.realitatea.net\/stiri\/actual\/ponta-recunoaste-ca-este-un-tradator-marturiisoc-suveranistul-vopsit-a-preferat-sa-inunde-romania-pentru-a-salva-serbia_67f7968564c506047c461808#google_vignette\" target=\"_blank\">Ponta recunoa\u0219te c\u0103 este un tr\u0103d\u0103tor, m\u0103rturii-\u0219oc. Suveranistul vopsit a preferat s\u0103 inunde Rom\u00e2nia pentru a salva Serbia<\/a><\/p>\n<p>Dincolo de faptul c\u0103 au murit 4 oameni, am pl\u0103tit \u0219i 420 de milioane de euro din banii statului ca desp\u0103gubiri. Victor Ponta trebuie tras la r\u0103spundere, \u0219i el \u0219i cei care au achesat la aceast\u0103 decizie, \u00een afara decizi institu\u021biilor statului rom\u00e2n. Ponta trebuie s\u0103-\u0219i asume responsabilitatea, am v\u0103zut c\u0103 p\u00e2n\u0103 \u0219i premierul Marcel Ciolacu i-a cerut s\u0103 fac\u0103 un pas \u00eenapoi,&#8221; a declarat realizatoarea emisiunii Culisele Statului Paralel.<\/p>","protected":false},"excerpt":{"rendered":"<p>&#8222;Ar trebui \u00eentrebat si Arafat, care era \u0219eful DSU, s\u0103 explice cum a fost posibil&hellip;<\/p>\n","protected":false},"author":0,"featured_media":46430,"comment_status":"open","ping_status":"open","sticky":false,"template":"","format":"standard","meta":{"footnotes":""},"categories":[2],"tags":[],"class_list":["post-46429","post","type-post","status-publish","format-standard","has-post-thumbnail","hentry","category-actual"],"_links":{"self":[{"href":"https:\/\/247stiri.ro\/index.php\/wp-json\/wp\/v2\/posts\/46429","targetHints":{"allow":["GET"]}}],"collection":[{"href":"https:\/\/247stiri.ro\/index.php\/wp-json\/wp\/v2\/posts"}],"about":[{"href":"https:\/\/247stiri.ro\/index.php\/wp-json\/wp\/v2\/types\/post"}],"replies":[{"embeddable":true,"href":"https:\/\/247stiri.ro\/index.php\/wp-json\/wp\/v2\/comments?post=46429"}],"version-history":[{"count":0,"href":"https:\/\/247stiri.ro\/index.php\/wp-json\/wp\/v2\/posts\/46429\/revisions"}],"wp:featuredmedia":[{"embeddable":true,"href":"https:\/\/247stiri.ro\/index.php\/wp-json\/wp\/v2\/media\/46430"}],"wp:attachment":[{"href":"https:\/\/247stiri.ro\/index.php\/wp-json\/wp\/v2\/media?parent=46429"}],"wp:term":[{"taxonomy":"category","embeddable":true,"href":"https:\/\/247stiri.ro\/index.php\/wp-json\/wp\/v2\/categories?post=46429"},{"taxonomy":"post_tag","embeddable":true,"href":"https:\/\/247stiri.ro\/index.php\/wp-json\/wp\/v2\/tags?post=46429"}],"curies":[{"name":"wp","href":"https:\/\/api.w.org\/{rel}","templated":true}]}}