{"id":46432,"date":"2025-04-10T13:45:42","date_gmt":"2025-04-10T13:45:42","guid":{"rendered":"https:\/\/247stiri.ro\/index.php\/2025\/04\/10\/cutremur-judiciar-primaria-capitalei-si-ministerul-sanatatii-chemati-in-instanta-in-dosarul-mortilor-de-la-spitalul-victor-babes-din-timpul-pandemiei\/"},"modified":"2025-04-10T13:45:42","modified_gmt":"2025-04-10T13:45:42","slug":"cutremur-judiciar-primaria-capitalei-si-ministerul-sanatatii-chemati-in-instanta-in-dosarul-mortilor-de-la-spitalul-victor-babes-din-timpul-pandemiei","status":"publish","type":"post","link":"https:\/\/247stiri.ro\/index.php\/2025\/04\/10\/cutremur-judiciar-primaria-capitalei-si-ministerul-sanatatii-chemati-in-instanta-in-dosarul-mortilor-de-la-spitalul-victor-babes-din-timpul-pandemiei\/","title":{"rendered":"Cutremur judiciar: Prim\u0103ria Capitalei \u0219i Ministerul S\u0103n\u0103t\u0103\u021bii, chema\u021bi \u00een instan\u021b\u0103 \u00een dosarul mor\u021bilor de la Spitalul Victor Babe\u0219 din timpul pandemiei"},"content":{"rendered":"<p>Un nou scandal de propor\u021bii zguduie administra\u021bia public\u0103 din Bucure\u0219ti, \u00een contextul tragediilor din spitalele rom\u00e2ne\u0219ti pe timpul pandemiei. Avocatul Adrian Cuculis a anun\u021bat recent c\u0103 a ob\u021binut aprobarea din partea Parchetului de a introduce \u00een procesul penal at\u00e2t Prim\u0103ria Capitalei, condus\u0103 de Nicu\u0219or Dan, c\u00e2t \u0219i Ministerul S\u0103n\u0103t\u0103\u021bii, \u00een leg\u0103tur\u0103 cu responsabilitatea civil\u0103 pentru decesele tragice de la Spitalul Victor Babe\u0219 din timpul pandemiei de Covid.<\/p>\n<p>Aceast\u0103 decizie vine \u00een urma unei analize am\u0103nun\u021bite a obliga\u021biilor legale ce revin administra\u021biei locale \u0219i na\u021bionale, av\u00e2nd \u00een vedere c\u0103 spitalul este subordonat Prim\u0103riei, iar Ministerul S\u0103n\u0103t\u0103\u021bii are prerogative esen\u021biale \u00een gestionarea crizelor sanitare. Procurorul a concluzionat c\u0103 cererea avocatului Cuculis este bine fundamentat\u0103, ceea ce deschide calea c\u0103tre o eventual\u0103 condamnare a personalului medical implicat \u00een aceste cazuri.<\/p>\n<p><a title='Garda de Mediu, amenzi de 300.000 de lei la primaria lui Nicusor. ,,Primaria Capitalei nu respecta legea\"' href=\"https:\/\/www.realitatea.net\/stiri\/actual\/garda-de-mediu-amenzi-de-300000-de-lei-la-primaria-lui-nicusor-primaria-capitalei-nu-respecta-legea_67f6b01db319c54e9d3f118b\">Garda de Mediu, amenzi de 300.000 de lei la prim\u0103ria lui Nicu\u0219or. \u201ePrim\u0103ria Capitalei nu respect\u0103 legea\u201d<\/a><\/p>\n<p>\u201e\u00cen dosarul mor\u021bilor de la spitalul Victor Babe\u0219 cunoscut sub numele de \u201ctirurile ATI din pandemie\u201d,parchetul ne-a admis cererea de introducerea \u00een procesul penal at\u00e2t a Prim\u0103riei Capitalei prin primar cat \u0219i a Ministerului S\u0103n\u0103t\u0103\u021bii \u00een ceea ce prive\u0219te responsabilitatea civil\u0103 pentru mor\u021bii din tirurile ATI.\u00a0Mai pe scurt,procurorul A concluzionat c\u0103 cererea noastr\u0103 este \u00eentemeiat\u0103 prin prisma obliga\u021biilor ce reveneau Prim\u0103riei capitalei \u0219i \u00een subordinea cui se afla spitalul , dar \u0219i a Ministerului S\u0103n\u0103t\u0103\u021bii cu prerogativele ce deriv\u0103 din lege ,iar \u00een ipoteza \u00een care condamnarea va interveni pentru personalul de acolo P\u0103r\u021bile responsabile civilmente vor fi obligate s\u0103 pl\u0103teasc\u0103 desp\u0103gubirile morale \u0219i materiale care se ridic\u0103 la milioane de euro\u201d, a anun\u021bat avocatul Adrian Cuculis printr-un comunicat.<\/p>\n<p><a title=\"Reactia lui Nicusor Dan dupa mazilierea Elenei Lasconi de catre USR. Ce spune primarul care se viseaza presedintele Romaniei\" href=\"https:\/\/www.realitatea.net\/stiri\/politica\/reactia-lui-nicusor-dan-dupa-mazilierea-elenei-lasconi-de-catre-usr-ce-spune-primarul-care-se-viseaza-presedintele-romaniei_67f7463307ba062deb51dd12\">Reac\u021bia lui Nicu\u0219or Dan dup\u0103 mazilierea Elenei Lasconi de c\u0103tre USR. Ce spune primarul care se viseaz\u0103 pre\u0219edintele Rom\u00e2niei<\/a><\/p>","protected":false},"excerpt":{"rendered":"<p>Un nou scandal de propor\u021bii zguduie administra\u021bia public\u0103 din Bucure\u0219ti, \u00een contextul tragediilor din spitalele&hellip;<\/p>\n","protected":false},"author":0,"featured_media":46433,"comment_status":"open","ping_status":"open","sticky":false,"template":"","format":"standard","meta":{"footnotes":""},"categories":[2],"tags":[],"class_list":["post-46432","post","type-post","status-publish","format-standard","has-post-thumbnail","hentry","category-actual"],"_links":{"self":[{"href":"https:\/\/247stiri.ro\/index.php\/wp-json\/wp\/v2\/posts\/46432","targetHints":{"allow":["GET"]}}],"collection":[{"href":"https:\/\/247stiri.ro\/index.php\/wp-json\/wp\/v2\/posts"}],"about":[{"href":"https:\/\/247stiri.ro\/index.php\/wp-json\/wp\/v2\/types\/post"}],"replies":[{"embeddable":true,"href":"https:\/\/247stiri.ro\/index.php\/wp-json\/wp\/v2\/comments?post=46432"}],"version-history":[{"count":0,"href":"https:\/\/247stiri.ro\/index.php\/wp-json\/wp\/v2\/posts\/46432\/revisions"}],"wp:featuredmedia":[{"embeddable":true,"href":"https:\/\/247stiri.ro\/index.php\/wp-json\/wp\/v2\/media\/46433"}],"wp:attachment":[{"href":"https:\/\/247stiri.ro\/index.php\/wp-json\/wp\/v2\/media?parent=46432"}],"wp:term":[{"taxonomy":"category","embeddable":true,"href":"https:\/\/247stiri.ro\/index.php\/wp-json\/wp\/v2\/categories?post=46432"},{"taxonomy":"post_tag","embeddable":true,"href":"https:\/\/247stiri.ro\/index.php\/wp-json\/wp\/v2\/tags?post=46432"}],"curies":[{"name":"wp","href":"https:\/\/api.w.org\/{rel}","templated":true}]}}