{"id":46434,"date":"2025-04-10T13:45:43","date_gmt":"2025-04-10T13:45:43","guid":{"rendered":"https:\/\/247stiri.ro\/index.php\/2025\/04\/10\/mircea-dinescu-nu-am-primit-nicio-despagubire-de-la-ponta-il-dau-in-judecata-sa-imi-dea-daune-morale-si-materiale\/"},"modified":"2025-04-10T13:45:43","modified_gmt":"2025-04-10T13:45:43","slug":"mircea-dinescu-nu-am-primit-nicio-despagubire-de-la-ponta-il-dau-in-judecata-sa-imi-dea-daune-morale-si-materiale","status":"publish","type":"post","link":"https:\/\/247stiri.ro\/index.php\/2025\/04\/10\/mircea-dinescu-nu-am-primit-nicio-despagubire-de-la-ponta-il-dau-in-judecata-sa-imi-dea-daune-morale-si-materiale\/","title":{"rendered":"Mircea Dinescu: \u201dNu am primit nicio desp\u0103gubire de la Ponta. \u00cel dau \u00een judecat\u0103, s\u0103 \u00eemi dea daune morale \u0219i materiale\u201d"},"content":{"rendered":"<p>\u201eDomnul Ponta nu numai ca e tic\u0103los, dar mai e \u0219i mincinos. \u00cen primul r\u00e2nd c\u0103 eu nu am \u0219tiut, ast\u0103zi am aflat de diminea\u021b\u0103 ca Ponta e autorul acestui masacru acvatic. \u00cen al doilea rand, el se autodenun\u021b\u0103 acum, pentru c\u0103 nimeni nu a \u0219tiut c\u0103 el a ordonat s\u0103 se deschid\u0103 ecluzele de la Por\u021bile de Fier, pentru c\u0103 la cetate, la mine, \u00een port a crescut apa cu 5 m, eu eram cu sculptorul in Bucure\u0219ti \u0219i am venit cu barca \u0219i ne-am mutat pe un dig \u0219i timp de o s\u0103pt\u0103m\u00e2n\u0103 am venit cu barca \u00een aceast\u0103 \u0219andrama. Deci Ponta s\u0103racul este un sinuciga\u0219, pentru ca s\u0103 recuno\u0219ti \u00een plin\u0103 campanie electoral\u0103 c\u0103 ai f\u0103cut o asemenea chestie sinistr\u0103, el nu este japonez, dar este, \u00eel putem numi ca primul japonez din politica romaneasc\u0103 care \u00ee\u0219i face harakiri.<\/p>\n<p>Minte, minte. Eu nu am primit absolut nicio desp\u0103gubire, s\u0103 fie clar. Cu mana pe Biblie jur c\u0103 nu am primit nimic. Eu nu am \u0219tiut c\u0103 el e criminalul. Minte cu at\u00e2ta senin\u0103tate, acum o s\u0103pt\u0103m\u00e2n\u0103 am scris un pamflet despre Ponta, unde l-am f\u0103cut pilaf f\u0103r\u0103 s\u0103 \u0219tiu ce va urma ca peste c\u00e2teva zile s\u0103 aflu cine mi-a b\u0103gat apa \u00een cas\u0103.<\/p>\n<p>E o minciun\u0103 f\u0103r\u0103 de margini. \u0218ti\u021bi c\u0103 Iliescu l-a f\u0103cut prost\u0103nac pe Geoan\u0103. Geoan\u0103 nu e deloc prost\u0103nac, s-a dovedit ca adev\u0103ratul prost\u0103nac e Ponta, pentru c\u0103 ce a f\u0103cut el acum, nu mai \u021bine de tic\u0103lo\u0219ie, ci de prostie, c\u0103 a devenit cet\u0103\u021bean a unei \u021b\u0103ri pe care a ferit-o de inunda\u021bii. \u0218i acolo minte, pentru c\u0103 Belgradul este la 200 de km \u00eenainte de Por\u021bile de Fier, nu avea cum s\u0103 se \u00eentoarc\u0103 apa cu 200 km, pentru c\u0103 a deschis Ponta ecluzele. A salvat probabil c\u00e2teva sate s\u00e2rbe\u0219ti din zon\u0103, dar nicidecum Belgradul. A salvat probabil \u0218tefan cel Mare Belgradul c\u00e2nd s-a luptat cu turcii acum 500 de ani.<\/p>\n<p>Eu \u00eel voi da \u00een judecat\u0103 pe Ponta s\u0103-i cer daune morale \u0219i materiale, pentru c\u0103 \u00eent\u00e2mplarea face ca \u0219andramaua \u00een care locuiesc este o cas\u0103 f\u0103cuta de me\u0219teri italieni cu c\u0103r\u0103mizi bine puse la punct, chiar dac\u0103 a fost o ruin\u0103 c\u00e2nd am luat-o, \u0103\u0219tia au furat lemn\u0103ria de pe ea, dar nu au putut s\u0103 fure c\u0103r\u0103mizile, pentru c\u0103 erau bine sudate. Nu a putut fi casa d\u0103r\u00e2mat\u0103 de Dun\u0103re. Aveam 5 c\u0103su\u021be pe care le aranjasem pentru turism \u0219i alea au fost du\u0219umele, distruse, lucrurile din cas\u0103. Nu am primit nimic nu din partea lui ponta, dar nici din partea statului rom\u00e2n.<\/p>\n<p>Este incredibil, pentru c\u0103 \u00eemi amintesc satul ras care a fost f\u0103cut praf a fost reconstruit de Gigi Becali atunci. Unde s-au dus cele 400 de milioane de euro ca s\u0103 construie\u0219ti un sat, cred c\u0103 s-au dat, dar unde s-au scurs, nu \u0219tiu.<\/p>\n<p>Ponta nu cunoa\u0219te legea vaselor comunicante.<\/p>\n<p>Nu \u0219tiu unde s-au dus acei bani printre altele. E \u0219i ridicol, eu i\u021bi dau foc la cas\u0103, dar pe urm\u0103 i\u021bi dau desp\u0103gubire, cam a\u0219a a f\u0103cut Ponta cu am\u0103r\u00e2\u021bii aia de pe malul Dun\u0103rii.<\/p>\n<p>E un nenorocit \u0219i mincinos, e u\u0219or de verificat, pentru c\u0103 exist\u0103 documentele alea, trebuie cineva, statul rom\u00e2n, s\u0103 pun\u0103 ast\u0103zi procuratura s\u0103 urm\u0103reasc\u0103 circuitul acelor bani \u0219i atunci se va vedea unde s-au dus.<\/p>\n<p>M\u0103 g\u00e2ndeam acum c\u0103 l-a luat pe dinainte \u0219i prostia \u0219i tic\u0103lo\u0219ia s\u0103 \u00eel dau \u00een judecat\u0103 s\u0103 \u00eei cer desp\u0103gubiri morale \u0219i eu dac\u0103 trag o linie probabil la c\u0103su\u021bele alea care s-au distrus cred c\u0103 am b\u0103gat 50.000 de euro s\u0103 refac du\u0219umelele. Din fericire, \u0219andramaua asta f\u0103cuta de me\u0219terii italieni nu a p\u0103\u021bit nimic dec\u00e2t c\u0103 a intrat apa \u00een beci \u0219i mi-a distrus dulce\u021burile si zacu\u0219tele.<\/p>\n<p>Eu nu fac ciolan la pro\u021bap \u0219i nu l-am invitat niciodat\u0103 \u0219i nici nu o s\u0103 \u00eel invit, fiindc\u0103 fac chestii mai fine la pro\u021bap. Eu l-am b\u0103gat pe el la pro\u021bap acum 5 zile pe Facebook. \u0218i-a scris singur discursul de \u00eenmorm\u00e2ntare. E muzeu ce am f\u0103cut eu aici. \u0218i Belgradul s\u0103 te dai at\u00e2t de mare, poate c\u0103 c\u00e2\u021biva domnitori rom\u00e2ni au salvat Belgradul c\u00e2nd era atacat de turci, dar faptul c\u0103 el ar fi salvat cu 200 de km dup\u0103 ce a trecut Dun\u0103rea pe l\u00e2ng\u0103 Belgrad s\u0103 nu se \u00eentoarc\u0103 Dun\u0103rea de la cazane pana-n Belgrad, e un habarnist, nu \u0219tie legea vaselor comunicante, c\u0103 nu se poate asta, s\u0103 urce Dun\u0103rea 200 de km \u0219i datorit\u0103 lui s\u0103 salveze Belgradul.<\/p>\n<p>E p\u0103mp\u0103l\u0103u \u0219i s-a dat mare s\u0103racul c\u0103 nimeni nu l-a obligat s\u0103 spun\u0103 chestia asta. S-a uitat de toat\u0103 povestea aia \u0219i \u0219i-a amintit el, a vrut s\u0103 se dea mare c\u0103 e cet\u0103\u021bean de onoare al Serbiei. E primul caz din lume c\u00e2nd unul \u00ee\u0219i da foc la propria \u021bar\u0103 \u0219i devine cet\u0103\u021bean de onoare \u00een \u021bara vecin\u0103.<\/p>\n<p>\u00a0<\/p>","protected":false},"excerpt":{"rendered":"<p>\u201eDomnul Ponta nu numai ca e tic\u0103los, dar mai e \u0219i mincinos. \u00cen primul r\u00e2nd&hellip;<\/p>\n","protected":false},"author":0,"featured_media":46425,"comment_status":"open","ping_status":"open","sticky":false,"template":"","format":"standard","meta":{"footnotes":""},"categories":[2],"tags":[],"class_list":["post-46434","post","type-post","status-publish","format-standard","has-post-thumbnail","hentry","category-actual"],"_links":{"self":[{"href":"https:\/\/247stiri.ro\/index.php\/wp-json\/wp\/v2\/posts\/46434","targetHints":{"allow":["GET"]}}],"collection":[{"href":"https:\/\/247stiri.ro\/index.php\/wp-json\/wp\/v2\/posts"}],"about":[{"href":"https:\/\/247stiri.ro\/index.php\/wp-json\/wp\/v2\/types\/post"}],"replies":[{"embeddable":true,"href":"https:\/\/247stiri.ro\/index.php\/wp-json\/wp\/v2\/comments?post=46434"}],"version-history":[{"count":0,"href":"https:\/\/247stiri.ro\/index.php\/wp-json\/wp\/v2\/posts\/46434\/revisions"}],"wp:featuredmedia":[{"embeddable":true,"href":"https:\/\/247stiri.ro\/index.php\/wp-json\/wp\/v2\/media\/46425"}],"wp:attachment":[{"href":"https:\/\/247stiri.ro\/index.php\/wp-json\/wp\/v2\/media?parent=46434"}],"wp:term":[{"taxonomy":"category","embeddable":true,"href":"https:\/\/247stiri.ro\/index.php\/wp-json\/wp\/v2\/categories?post=46434"},{"taxonomy":"post_tag","embeddable":true,"href":"https:\/\/247stiri.ro\/index.php\/wp-json\/wp\/v2\/tags?post=46434"}],"curies":[{"name":"wp","href":"https:\/\/api.w.org\/{rel}","templated":true}]}}