{"id":46437,"date":"2025-04-10T14:45:00","date_gmt":"2025-04-10T14:45:00","guid":{"rendered":"https:\/\/247stiri.ro\/index.php\/2025\/04\/10\/marina-almasan-a-rabufnit-iarasi-impotriva-fostului-nu-i-a-dat-numele-dar-l-a-criticat-pentru-mesajele-jignitoare-la-adresa-politiei\/"},"modified":"2025-04-10T14:45:00","modified_gmt":"2025-04-10T14:45:00","slug":"marina-almasan-a-rabufnit-iarasi-impotriva-fostului-nu-i-a-dat-numele-dar-l-a-criticat-pentru-mesajele-jignitoare-la-adresa-politiei","status":"publish","type":"post","link":"https:\/\/247stiri.ro\/index.php\/2025\/04\/10\/marina-almasan-a-rabufnit-iarasi-impotriva-fostului-nu-i-a-dat-numele-dar-l-a-criticat-pentru-mesajele-jignitoare-la-adresa-politiei\/","title":{"rendered":"Marina Alm\u0103\u0219an a r\u0103bufnit iar\u0103\u0219i \u00eempotriva fostului. Nu i-a dat numele, dar l-a criticat pentru mesajele jignitoare la adresa Poli\u021biei"},"content":{"rendered":"<p>Marina Alm\u0103\u0219an a reac\u021bionat dup\u0103 ce fostul ei partener a postat pe re\u021belele de socializare un mesaj \u00een care-\u0219i exprim\u0103 nemul\u021bumirea c\u0103 poli\u021bia s-a sesizat dup\u0103 ce a dep\u0103\u0219it aria de restric\u021bie pe care o are impus\u0103, chiar fa\u0219\u0103 de vedea TV.<\/p>\n<p>Omul de afaceri i s-a adresat chiar \u0219i pe premierului Marcel Ciolacu, suger\u00e2nd c\u0103 oamenii legii &#8222;ar t\u0103ia frunz\u0103 la c\u00e2ini&#8221; ocup\u00e2ndu-se cu astfel de proceduri.<\/p>\n<p>&#8222;\u0218i eu sunt monitorizat\u0103 s\u0103pt\u0103m\u00e2nal, \u0219i mie mi se verific\u0103 dispozitivul de c\u0103tre Poli\u021bie, \u0219i eu semnez procese verbale \u00een fiecare s\u0103pt\u0103m\u00e2n\u0103, poate c\u0103 in unele zile chiar \u0219i mie mi-este peste m\u00e2n\u0103 s\u0103 trec pe la Sec\u021bie, \u00eens\u0103, spre deosebire de alte personaje, care se pare c\u0103 nu dau doi bani pe lege, eu ma conformez f\u0103r\u0103 s\u0103 comentez&#8221;, a scris Marina Alm\u0103\u0219an.<\/p>\n<p>&#8222;A jigni \u00een mod gratuit Poli\u021bia Rom\u00e2n\u0103, \u00een vremurile acestea tulburi \u00een care oricum cet\u0103\u021beanul \u0219i-a pierdut \u00eencrederea in mai toate institu\u021biile Statului, mi se pare un lucru condamnabil \u0219i nim\u0103nui de folos. Nu vreau s\u0103 mai comentez, le mul\u021bumesc tuturor celor care, v\u0103z\u00e2nd \u0219tirea din ziare \u0219i tv, m-au sunat, pentru a m\u0103 \u00eentreba \u201cdac\u0103 sunt bine\u201d. Da, mul\u021bumesc lui Dumnezeu \u0219i Politiei Rom\u00e2ne, deocamdat\u0103 sunt bine,&#8221; a mai scris realizatoarea TVR.<\/p>","protected":false},"excerpt":{"rendered":"<p>Marina Alm\u0103\u0219an a reac\u021bionat dup\u0103 ce fostul ei partener a postat pe re\u021belele de socializare&hellip;<\/p>\n","protected":false},"author":0,"featured_media":46438,"comment_status":"open","ping_status":"open","sticky":false,"template":"","format":"standard","meta":{"footnotes":""},"categories":[8],"tags":[],"class_list":["post-46437","post","type-post","status-publish","format-standard","has-post-thumbnail","hentry","category-lifestyle"],"_links":{"self":[{"href":"https:\/\/247stiri.ro\/index.php\/wp-json\/wp\/v2\/posts\/46437","targetHints":{"allow":["GET"]}}],"collection":[{"href":"https:\/\/247stiri.ro\/index.php\/wp-json\/wp\/v2\/posts"}],"about":[{"href":"https:\/\/247stiri.ro\/index.php\/wp-json\/wp\/v2\/types\/post"}],"replies":[{"embeddable":true,"href":"https:\/\/247stiri.ro\/index.php\/wp-json\/wp\/v2\/comments?post=46437"}],"version-history":[{"count":0,"href":"https:\/\/247stiri.ro\/index.php\/wp-json\/wp\/v2\/posts\/46437\/revisions"}],"wp:featuredmedia":[{"embeddable":true,"href":"https:\/\/247stiri.ro\/index.php\/wp-json\/wp\/v2\/media\/46438"}],"wp:attachment":[{"href":"https:\/\/247stiri.ro\/index.php\/wp-json\/wp\/v2\/media?parent=46437"}],"wp:term":[{"taxonomy":"category","embeddable":true,"href":"https:\/\/247stiri.ro\/index.php\/wp-json\/wp\/v2\/categories?post=46437"},{"taxonomy":"post_tag","embeddable":true,"href":"https:\/\/247stiri.ro\/index.php\/wp-json\/wp\/v2\/tags?post=46437"}],"curies":[{"name":"wp","href":"https:\/\/api.w.org\/{rel}","templated":true}]}}