{"id":46441,"date":"2025-04-10T14:45:02","date_gmt":"2025-04-10T14:45:02","guid":{"rendered":"https:\/\/247stiri.ro\/index.php\/2025\/04\/10\/paste-sau-pasti-care-este-forma-corecta-si-care-este-termenul-folosit-de-biserica-ortodoxa\/"},"modified":"2025-04-10T14:45:02","modified_gmt":"2025-04-10T14:45:02","slug":"paste-sau-pasti-care-este-forma-corecta-si-care-este-termenul-folosit-de-biserica-ortodoxa","status":"publish","type":"post","link":"https:\/\/247stiri.ro\/index.php\/2025\/04\/10\/paste-sau-pasti-care-este-forma-corecta-si-care-este-termenul-folosit-de-biserica-ortodoxa\/","title":{"rendered":"\u201ePa\u0219te\u201d sau \u201ePa\u0219ti\u201d? Care este forma corect\u0103 \u0219i care este termenul folosit de Biserica Ortodox\u0103"},"content":{"rendered":"<p>Ambii termeni sunt corec\u021bi din punct de vedere lingvistic<\/p>\n<p>Conform Dic\u021bionarului Ortografic, Ortoepic \u0219i Morfologic al Limbii Rom\u00e2ne (DOOM), ambele forme \u2013 Pa\u0219te \u0219i Pa\u0219ti \u2013 sunt acceptate. Substantivul propriu Pa\u0219te este de gen masculin \u0219i are forma de plural Pa\u0219ti. A\u0219adar, expresii precum \u201es\u0103rb\u0103toarea Pa\u0219telui\u201d \u0219i \u201eSfintele Pa\u0219ti\u201d sunt corecte gramatical \u0219i pot fi folosite \u00een func\u021bie de context.<\/p>\n<p>Explica\u021bia lingvistic\u0103 detaliat\u0103 a fost oferit\u0103 \u0219i de regretatul lingvist George Pruteanu, care sublinia c\u0103 pluralul Pa\u0219ti deriv\u0103 din forma \u201epasc\u0103\u201d \u2013 denumirea tradi\u021bional\u0103 a azimei sau a cozonacului pascal. Astfel, \u201eo pasc\u0103 \u2013 dou\u0103 pa\u0219ti\u201d, iar forma la singular Pa\u0219te a fost creat\u0103 ulterior, prin analogie, de c\u0103tre vorbitori.<\/p>\n<p>Pozi\u021bia Bisericii Ortodoxe: \u201ePa\u0219ti\u201d este forma tradi\u021bional\u0103<\/p>\n<p>De\u0219i din punct de vedere lingvistic ambele forme sunt corecte, Biserica Ortodox\u0103 Rom\u00e2n\u0103 prefer\u0103 varianta Pa\u0219ti, form\u0103 pe care o reg\u0103sim \u00een mod constant \u00een textele religioase vechi \u0219i moderne. Termenul apare \u00eenc\u0103 din secolul al XVI-lea \u00een tip\u0103rituri biserice\u0219ti, precum \u201eCartea de \u00eenv\u0103\u021b\u0103tur\u0103\u201d a diaconului Coresi (1581), sau \u00een edi\u021bia Noului Testament din 1648.<\/p>\n<p>Potrivit site-ului Doxologia.ro, al Patriarhiei Rom\u00e2ne, <a href=\"https:\/\/www.realitatea.net\/stiri\/actual\/iarna-revine-in-forta-inainte-de-paste-unde-va-fi-cel-mai-frig-anuntul-de-ultim-moment-al-meteorologilor_67f76b6ce7558313bd351a43\" target=\"_blank\">forma Pa\u0219ti<\/a> este utilizat\u0103 \u00een mod tradi\u021bional pentru a desemna at\u00e2t s\u0103rb\u0103toarea \u00cenvierii, c\u00e2t \u0219i \u00eentreaga perioad\u0103 liturgic\u0103 asociat\u0103.<\/p>\n<p>Etimologie \u0219i semnifica\u021bie<\/p>\n<p>Cuv\u00e2ntul Pa\u0219te provine din latinescul pascha, care la r\u00e2ndul s\u0103u deriv\u0103 din ebraicul Pesah, ce \u00eenseamn\u0103 \u201ea trece peste\u201d \u2013 o referin\u021b\u0103 la episodul biblic \u00een care evreii au fost cru\u021ba\u021bi \u00een timpul ultimei pl\u0103gi din Egipt. S\u0103rb\u0103toarea evreiasc\u0103 Pesah comemoreaz\u0103 eliberarea din robie \u0219i este marcat\u0103 prin mese ritualice \u0219i consumul azimelor.<\/p>\n<p>Cre\u0219tinismul a p\u0103strat denumirea, \u00eens\u0103 i-a schimbat profund semnifica\u021bia: Pa\u0219tele simbolizeaz\u0103 moartea \u0219i \u00cenvierea lui Iisus Hristos \u0219i reprezint\u0103 cea mai important\u0103 s\u0103rb\u0103toare a credin\u021bei cre\u0219tine.<\/p>\n<p>Cum e corect s\u0103 spunem?<\/p>\n<p>At\u00e2t Pa\u0219te, <a href=\"https:\/\/www.realitatea.net\/stiri\/lifestyle\/ce-sa-nu-spui-in-ziua-de-paste-daca-vrei-sati-mearga-bine-tot-anul-sfaturi-din-traditia-populara-nu-ai-voie-sa-rostesti-aceste-cuvinte_67f69816428e0f4f8e1e97d3\" target=\"_blank\">c\u00e2t \u0219i Pa\u0219ti sunt forme corecte,<\/a> acceptate de normele lingvistice rom\u00e2ne\u0219ti. Totu\u0219i, forma Pa\u0219ti este mai des \u00eent\u00e2lnit\u0103 \u00een limbajul religios \u0219i \u00een tradi\u021bia liturgic\u0103. \u00cen vorbirea curent\u0103, alegerea \u00eentre cele dou\u0103 poate depinde de context sau de preferin\u021bele personale. Important este s\u0103 evit\u0103m gre\u0219eli precum \u201ePa\u0219tile\u201d la singular sau \u201ePa\u0219telui\u201d \u00een contexte neadecvate.<\/p>\n<p>Indiferent de forma aleas\u0103, mesajul s\u0103rb\u0103torii r\u0103m\u00e2ne acela\u0219i: speran\u021b\u0103, \u00eennoire \u0219i biruin\u021ba vie\u021bii asupra mor\u021bii.<\/p>","protected":false},"excerpt":{"rendered":"<p>Ambii termeni sunt corec\u021bi din punct de vedere lingvistic Conform Dic\u021bionarului Ortografic, Ortoepic \u0219i Morfologic&hellip;<\/p>\n","protected":false},"author":0,"featured_media":46442,"comment_status":"open","ping_status":"open","sticky":false,"template":"","format":"standard","meta":{"footnotes":""},"categories":[8],"tags":[],"class_list":["post-46441","post","type-post","status-publish","format-standard","has-post-thumbnail","hentry","category-lifestyle"],"_links":{"self":[{"href":"https:\/\/247stiri.ro\/index.php\/wp-json\/wp\/v2\/posts\/46441","targetHints":{"allow":["GET"]}}],"collection":[{"href":"https:\/\/247stiri.ro\/index.php\/wp-json\/wp\/v2\/posts"}],"about":[{"href":"https:\/\/247stiri.ro\/index.php\/wp-json\/wp\/v2\/types\/post"}],"replies":[{"embeddable":true,"href":"https:\/\/247stiri.ro\/index.php\/wp-json\/wp\/v2\/comments?post=46441"}],"version-history":[{"count":0,"href":"https:\/\/247stiri.ro\/index.php\/wp-json\/wp\/v2\/posts\/46441\/revisions"}],"wp:featuredmedia":[{"embeddable":true,"href":"https:\/\/247stiri.ro\/index.php\/wp-json\/wp\/v2\/media\/46442"}],"wp:attachment":[{"href":"https:\/\/247stiri.ro\/index.php\/wp-json\/wp\/v2\/media?parent=46441"}],"wp:term":[{"taxonomy":"category","embeddable":true,"href":"https:\/\/247stiri.ro\/index.php\/wp-json\/wp\/v2\/categories?post=46441"},{"taxonomy":"post_tag","embeddable":true,"href":"https:\/\/247stiri.ro\/index.php\/wp-json\/wp\/v2\/tags?post=46441"}],"curies":[{"name":"wp","href":"https:\/\/api.w.org\/{rel}","templated":true}]}}