{"id":4645,"date":"2024-11-05T11:15:19","date_gmt":"2024-11-05T11:15:19","guid":{"rendered":"https:\/\/247stiri.ro\/index.php\/2024\/11\/05\/barbat-injunghiat-pe-camp-in-apropierea-localitatii-aliman-din-judetul-constanta-politia-il-cauta-pe-agresor\/"},"modified":"2024-11-05T11:15:19","modified_gmt":"2024-11-05T11:15:19","slug":"barbat-injunghiat-pe-camp-in-apropierea-localitatii-aliman-din-judetul-constanta-politia-il-cauta-pe-agresor","status":"publish","type":"post","link":"https:\/\/247stiri.ro\/index.php\/2024\/11\/05\/barbat-injunghiat-pe-camp-in-apropierea-localitatii-aliman-din-judetul-constanta-politia-il-cauta-pe-agresor\/","title":{"rendered":"B\u0103rbat \u00eenjunghiat pe c\u00e2mp, \u00een apropierea localit\u0103\u021bii Aliman din jude\u021bul Constan\u021ba. Poli\u021bia \u00eel caut\u0103 pe agresor"},"content":{"rendered":"<p>&#8222;La data de 5 noiembrie a.c., \u00een jurul orei 10.00, poli\u021bi\u0219tii din cadrul Poli\u021biei Municipiului Medgidia \u2013 Sec\u021bia 1 Poli\u021bie Rural\u0103 B\u0103neasa au fost sesiza\u021bi cu privire la faptul c\u0103 un b\u0103rbat ar fi fost agresat fizic, cu un obiect t\u0103ietor \u2013 \u00een\u021bep\u0103tor, pe un teren extravilan din apropierea comunei Aliman&#8221;, a transmis, mar\u021bi, poli\u021bia const\u0103n\u021bean\u0103.\u00a0<\/p>\n<p>Poli\u021bi\u0219tii deplasa\u021bi la fa\u021ba locului au constatat c\u0103 cele sesizate se confirm\u0103.<\/p>\n<p><a href=\"https:\/\/www.realitatea.net\/stiri\/actual\/jucarii-de-plus-genti-si-baterii-externe-contrafacute-descoperite-in-portul-constanta-valoarea-produselor-este-de-250000-de-lei_6729e8f68f7fad624b2dd7a7\" target=\"_blank\" rel=\"noopener\">Juc\u0103rii de plu\u0219, gentu\u021be \u0219i baterii externe contraf\u0103cute, descoperite \u00een Portul Constan\u021ba. Valoarea produselor este de 250.000 de lei<\/a><\/p>\n<p>Victima a fost transportat\u0103 la spital, pentru acordarea de \u00eengrijiri medicale.<\/p>\n<p>\u00cen cauz\u0103, cercet\u0103rile sunt continuate de poli\u021bi\u0219ti \u00een vederea identific\u0103rii persoanei b\u0103nuite de comiterea faptei \u0219i lu\u0103rii m\u0103surilor legale ce se impun.<\/p>","protected":false},"excerpt":{"rendered":"<p>&#8222;La data de 5 noiembrie a.c., \u00een jurul orei 10.00, poli\u021bi\u0219tii din cadrul Poli\u021biei Municipiului&hellip;<\/p>\n","protected":false},"author":0,"featured_media":4646,"comment_status":"open","ping_status":"open","sticky":false,"template":"","format":"standard","meta":{"footnotes":""},"categories":[2],"tags":[],"class_list":["post-4645","post","type-post","status-publish","format-standard","has-post-thumbnail","hentry","category-actual"],"_links":{"self":[{"href":"https:\/\/247stiri.ro\/index.php\/wp-json\/wp\/v2\/posts\/4645","targetHints":{"allow":["GET"]}}],"collection":[{"href":"https:\/\/247stiri.ro\/index.php\/wp-json\/wp\/v2\/posts"}],"about":[{"href":"https:\/\/247stiri.ro\/index.php\/wp-json\/wp\/v2\/types\/post"}],"replies":[{"embeddable":true,"href":"https:\/\/247stiri.ro\/index.php\/wp-json\/wp\/v2\/comments?post=4645"}],"version-history":[{"count":0,"href":"https:\/\/247stiri.ro\/index.php\/wp-json\/wp\/v2\/posts\/4645\/revisions"}],"wp:featuredmedia":[{"embeddable":true,"href":"https:\/\/247stiri.ro\/index.php\/wp-json\/wp\/v2\/media\/4646"}],"wp:attachment":[{"href":"https:\/\/247stiri.ro\/index.php\/wp-json\/wp\/v2\/media?parent=4645"}],"wp:term":[{"taxonomy":"category","embeddable":true,"href":"https:\/\/247stiri.ro\/index.php\/wp-json\/wp\/v2\/categories?post=4645"},{"taxonomy":"post_tag","embeddable":true,"href":"https:\/\/247stiri.ro\/index.php\/wp-json\/wp\/v2\/tags?post=4645"}],"curies":[{"name":"wp","href":"https:\/\/api.w.org\/{rel}","templated":true}]}}