{"id":46471,"date":"2025-04-10T16:46:12","date_gmt":"2025-04-10T16:46:12","guid":{"rendered":"https:\/\/247stiri.ro\/index.php\/2025\/04\/10\/crin-antonescu-il-spulbera-pe-victor-ponta-dupa-dezvaluirile-despre-inundatii-o-lebada-atat-de-neagra-n-am-mai-vazut\/"},"modified":"2025-04-10T16:46:12","modified_gmt":"2025-04-10T16:46:12","slug":"crin-antonescu-il-spulbera-pe-victor-ponta-dupa-dezvaluirile-despre-inundatii-o-lebada-atat-de-neagra-n-am-mai-vazut","status":"publish","type":"post","link":"https:\/\/247stiri.ro\/index.php\/2025\/04\/10\/crin-antonescu-il-spulbera-pe-victor-ponta-dupa-dezvaluirile-despre-inundatii-o-lebada-atat-de-neagra-n-am-mai-vazut\/","title":{"rendered":"Crin Antonescu \u00eel spulber\u0103 pe Victor Ponta, dup\u0103 dezv\u0103luirile despre inunda\u021bii: &#8222;O leb\u0103d\u0103 at\u00e2t de neagr\u0103 n-am mai v\u0103zut&#8221;"},"content":{"rendered":"<p>\u201eTrebuie s\u0103 recunosc: o asemenea leb\u0103d\u0103 neagr\u0103 n-am mai \u00eent\u00e2lnit \u00een via\u021ba politic\u0103. Domnul Ponta a fost, de-a lungul timpului, extrem de sarcastic \u00een leg\u0103tur\u0103 cu gre\u0219elile altora \u2014 inclusiv cele ale domnului Geoan\u0103.\u00a0<\/p>\n<p>Nu \u00een\u021beleg motiva\u021bia pentru aceast\u0103 declara\u021bie. Dac\u0103 \u00eentr-adev\u0103r exista un risc real de inunda\u021bie la Belgrad \u0219i domnia sa a decis s\u0103 ajute poporul s\u00e2rb, atunci gestul putea fi considerat unul umanitar. Dar un astfel de ajutor trebuia anun\u021bat oficial, cel pu\u021bin din respect pentru poporul rom\u00e2n \u0219i pentru recuno\u0219tin\u021ba poporului s\u00e2rb.<\/p>\n<p>\u00a0O spune acum, cu o senin\u0103tate aproape sfid\u0103toare. Afl\u0103m c\u0103 domnul Ponta ar fi ac\u021bionat f\u0103r\u0103 \u0219tirea publicului, peste capul autorit\u0103\u021bilor responsabile, \u00een ciuda opozi\u021biei celor de la ISU. Iar \u00een schimb \u2014 tot potrivit propriei m\u0103rturisiri \u2014 a primit cet\u0103\u021benia unei alte \u021b\u0103ri.C\u00e2nd e\u0219ti prim-ministrul Rom\u00e2niei, nu ar trebui s\u0103 te bucuri c\u0103 \u021bi se ofer\u0103 cet\u0103\u021benie din alt\u0103 parte. Este un gest cel pu\u021bin discutabil. Mi se pare o \u201elovitur\u0103 de campanie\u201d pe care nu o \u00een\u021beleg complet&#8221;,\u00a0 a afirmat Crin Antonescu, la un post de radio.\u00a0Mai mult, candidatul unic al Coali\u021biei a pus sub semnul \u00eentreb\u0103rii \u00eentregul scenariu prin care Ponta a \u00eencercat s\u0103 explice de ce a primit cet\u0103\u021benia s\u00e2rb\u0103, \u00eenclin\u00e2nd s\u0103 cread\u0103 c\u0103 acest eveniment a venit mai t\u00e2rziu, &#8222;poate chiar \u00een contextul deschiderii unor dosare \u00eempotriva sa&#8221;.<\/p>","protected":false},"excerpt":{"rendered":"<p>\u201eTrebuie s\u0103 recunosc: o asemenea leb\u0103d\u0103 neagr\u0103 n-am mai \u00eent\u00e2lnit \u00een via\u021ba politic\u0103. Domnul Ponta&hellip;<\/p>\n","protected":false},"author":0,"featured_media":46472,"comment_status":"open","ping_status":"open","sticky":false,"template":"","format":"standard","meta":{"footnotes":""},"categories":[3],"tags":[],"class_list":["post-46471","post","type-post","status-publish","format-standard","has-post-thumbnail","hentry","category-politica"],"_links":{"self":[{"href":"https:\/\/247stiri.ro\/index.php\/wp-json\/wp\/v2\/posts\/46471","targetHints":{"allow":["GET"]}}],"collection":[{"href":"https:\/\/247stiri.ro\/index.php\/wp-json\/wp\/v2\/posts"}],"about":[{"href":"https:\/\/247stiri.ro\/index.php\/wp-json\/wp\/v2\/types\/post"}],"replies":[{"embeddable":true,"href":"https:\/\/247stiri.ro\/index.php\/wp-json\/wp\/v2\/comments?post=46471"}],"version-history":[{"count":0,"href":"https:\/\/247stiri.ro\/index.php\/wp-json\/wp\/v2\/posts\/46471\/revisions"}],"wp:featuredmedia":[{"embeddable":true,"href":"https:\/\/247stiri.ro\/index.php\/wp-json\/wp\/v2\/media\/46472"}],"wp:attachment":[{"href":"https:\/\/247stiri.ro\/index.php\/wp-json\/wp\/v2\/media?parent=46471"}],"wp:term":[{"taxonomy":"category","embeddable":true,"href":"https:\/\/247stiri.ro\/index.php\/wp-json\/wp\/v2\/categories?post=46471"},{"taxonomy":"post_tag","embeddable":true,"href":"https:\/\/247stiri.ro\/index.php\/wp-json\/wp\/v2\/tags?post=46471"}],"curies":[{"name":"wp","href":"https:\/\/api.w.org\/{rel}","templated":true}]}}