{"id":46473,"date":"2025-04-10T16:46:13","date_gmt":"2025-04-10T16:46:13","guid":{"rendered":"https:\/\/247stiri.ro\/index.php\/2025\/04\/10\/ponta-reactie-halucinanta-dupa-ce-ciolacu-i-a-cerut-sa-se-retraga-il-voi-demite-eu-imediat-ce-voi-ajunge-presedinte\/"},"modified":"2025-04-10T16:46:13","modified_gmt":"2025-04-10T16:46:13","slug":"ponta-reactie-halucinanta-dupa-ce-ciolacu-i-a-cerut-sa-se-retraga-il-voi-demite-eu-imediat-ce-voi-ajunge-presedinte","status":"publish","type":"post","link":"https:\/\/247stiri.ro\/index.php\/2025\/04\/10\/ponta-reactie-halucinanta-dupa-ce-ciolacu-i-a-cerut-sa-se-retraga-il-voi-demite-eu-imediat-ce-voi-ajunge-presedinte\/","title":{"rendered":"Ponta, reac\u021bie HALUCINANT\u0102 dup\u0103 ce Ciolacu i-a cerut s\u0103 se retrag\u0103: \u00cel voi demite eu, imediat ce voi ajunge pre\u0219edinte!"},"content":{"rendered":"<p>&#8222;Cred c\u0103 domnul Ciolacu ar trebui s\u0103 se retrag\u0103 de urgen\u021b\u0103 din func\u021bia de premier \u2014 altfel \u00eel voi demite eu, imediat ce voi ajunge pre\u0219edinte!\u00a0Dup\u0103 ce a pr\u0103bu\u0219it economic Rom\u00e2nia, a \u00een\u0219elat militarii, pensionarii \u0219i antreprenorii, a \u00eendatorat \u021bara cu 100 de miliarde de euro, a anulat alegerile legitime din noiembrie, a dus PSD la cel mai slab scor electoral din istorie&#8230;&#8221; a scris Ponta pe Facebook.<a href=\"https:\/\/www.realitatea.net\/stiri\/actual\/marcel-ciolacu-sterge-pe-jos-cu-victor-ponta-si-ii-cere-sa-se-retraga-din-alegerile-prezidentiale-sa-recunosti-senin-ca-ai-fost-de-acord-sa-inunzi-sate-romanesti-pentru-a-salva-orase-straine-e-clar-ca-joaca-dea-suveranismul-nu-mai-tine_67f7ca66ef7e4941f94eb532\" target=\"_blank\">Marcel Ciolacu \u0219terge pe jos cu Victor Ponta \u0219i \u00eei cere s\u0103 se retrag\u0103 din alegerile preziden\u021biale: \u201eE clar c\u0103 joaca de-a suveranismul nu mai \u021bine\u201d<\/a>\u00a0Reac\u021bia sa pare halucinant\u0103, \u00een condi\u021biile \u00een care, \u00een perioada indicat\u0103, Ponta era consilier onorific al lui Ciolacu \u0219i datorit\u0103 acestuia a revenit pe listele electorale ale PSD; fiind ales deputat.\u00a0<\/p>","protected":false},"excerpt":{"rendered":"<p>&#8222;Cred c\u0103 domnul Ciolacu ar trebui s\u0103 se retrag\u0103 de urgen\u021b\u0103 din func\u021bia de premier&hellip;<\/p>\n","protected":false},"author":0,"featured_media":46474,"comment_status":"open","ping_status":"open","sticky":false,"template":"","format":"standard","meta":{"footnotes":""},"categories":[2],"tags":[],"class_list":["post-46473","post","type-post","status-publish","format-standard","has-post-thumbnail","hentry","category-actual"],"_links":{"self":[{"href":"https:\/\/247stiri.ro\/index.php\/wp-json\/wp\/v2\/posts\/46473","targetHints":{"allow":["GET"]}}],"collection":[{"href":"https:\/\/247stiri.ro\/index.php\/wp-json\/wp\/v2\/posts"}],"about":[{"href":"https:\/\/247stiri.ro\/index.php\/wp-json\/wp\/v2\/types\/post"}],"replies":[{"embeddable":true,"href":"https:\/\/247stiri.ro\/index.php\/wp-json\/wp\/v2\/comments?post=46473"}],"version-history":[{"count":0,"href":"https:\/\/247stiri.ro\/index.php\/wp-json\/wp\/v2\/posts\/46473\/revisions"}],"wp:featuredmedia":[{"embeddable":true,"href":"https:\/\/247stiri.ro\/index.php\/wp-json\/wp\/v2\/media\/46474"}],"wp:attachment":[{"href":"https:\/\/247stiri.ro\/index.php\/wp-json\/wp\/v2\/media?parent=46473"}],"wp:term":[{"taxonomy":"category","embeddable":true,"href":"https:\/\/247stiri.ro\/index.php\/wp-json\/wp\/v2\/categories?post=46473"},{"taxonomy":"post_tag","embeddable":true,"href":"https:\/\/247stiri.ro\/index.php\/wp-json\/wp\/v2\/tags?post=46473"}],"curies":[{"name":"wp","href":"https:\/\/api.w.org\/{rel}","templated":true}]}}