{"id":46475,"date":"2025-04-10T16:46:13","date_gmt":"2025-04-10T16:46:13","guid":{"rendered":"https:\/\/247stiri.ro\/index.php\/2025\/04\/10\/copac-prabusit-peste-o-masina-aflata-in-mers-pe-splaiul-unirii-din-bucuresti-soferul-a-ajuns-la-spital\/"},"modified":"2025-04-10T16:46:13","modified_gmt":"2025-04-10T16:46:13","slug":"copac-prabusit-peste-o-masina-aflata-in-mers-pe-splaiul-unirii-din-bucuresti-soferul-a-ajuns-la-spital","status":"publish","type":"post","link":"https:\/\/247stiri.ro\/index.php\/2025\/04\/10\/copac-prabusit-peste-o-masina-aflata-in-mers-pe-splaiul-unirii-din-bucuresti-soferul-a-ajuns-la-spital\/","title":{"rendered":"Copac pr\u0103bu\u0219it peste o ma\u0219in\u0103 aflat\u0103 \u00een mers pe Splaiul Unirii din Bucure\u0219ti. \u0218oferul a ajuns la spital"},"content":{"rendered":"<p>Cum s-a produs accidentul?<\/p>\n<p><a href=\"https:\/\/www.realitatea.net\/stiri\/actual\/copac-prabusit-in-capitala-momentul-a-fost-surprins-de-camera-de-bord-a-unei-masini_667eeb8927f4677c5d0a6c12\" target=\"_blank\">Accidentul s-a produs<\/a> \u00een jurul orei 17:00, pe sensul de mers dintre \u0218oseaua Mihai Bravu \u0219i \u0218oseaua Vitan-B\u00e2rze\u0219ti, zon\u0103 \u00een care, din cauza condi\u021biilor meteo severe, autorit\u0103\u021bile au restric\u021bionat temporar circula\u021bia.<\/p>\n<p>Potrivit informa\u021biilor furnizate de Brigada Rutier\u0103, la fa\u021ba locului s-au deplasat echipaje de poli\u021bie \u0219i ambulan\u021b\u0103. Poli\u021bi\u0219tii au confirmat c\u0103 incidentul s-a produs \u00een timp ce ma\u0219ina se afla \u00een deplasare, fiind surprins\u0103 de copacul c\u0103zut.<\/p>\n<p>\u201e\u00cen urma impactului, conduc\u0103torul auto a suferit leziuni \u0219i a fost transportat la o unitate medical\u0103 pentru \u00eengrijiri de specialitate. Testarea cu aparatul etilotest a indicat c\u0103 b\u0103rbatul nu consumase alcool\u201d, au transmis autorit\u0103\u021bile.<\/p>\n<p>Trafic restric\u021bionat, anchet\u0103 \u00een desf\u0103\u0219urare<\/p>\n<p>Circula\u021bia rutier\u0103 pe Splaiul Unirii, \u00eentre \u0218oseaua Mihai Bravu \u0219i \u0218oseaua Vitan-B\u00e2rze\u0219ti, a fost restric\u021bionat\u0103 pentru interven\u021bia echipelor de salvare \u0219i \u00eendep\u0103rtarea copacului de pe carosabil.<\/p>\n<p>Poli\u021bia Rutier\u0103 a demarat o anchet\u0103 pentru a stabili cu exactitate circumstan\u021bele producerii evenimentului \u0219i pentru a evalua eventuale responsabilit\u0103\u021bi legate de<a href=\"https:\/\/www.realitatea.net\/stiri\/actual\/incident-grav-in-dorobanti-un-copac-sa-prabusit-peste-o-cofetarie_667bafca94c04377792caad2\" target=\"_blank\"> starea arborilor \u00een zon\u0103.<\/a><\/p>\n<p>\u00a0<\/p>","protected":false},"excerpt":{"rendered":"<p>Cum s-a produs accidentul? Accidentul s-a produs \u00een jurul orei 17:00, pe sensul de mers&hellip;<\/p>\n","protected":false},"author":0,"featured_media":46476,"comment_status":"open","ping_status":"open","sticky":false,"template":"","format":"standard","meta":{"footnotes":""},"categories":[2],"tags":[],"class_list":["post-46475","post","type-post","status-publish","format-standard","has-post-thumbnail","hentry","category-actual"],"_links":{"self":[{"href":"https:\/\/247stiri.ro\/index.php\/wp-json\/wp\/v2\/posts\/46475","targetHints":{"allow":["GET"]}}],"collection":[{"href":"https:\/\/247stiri.ro\/index.php\/wp-json\/wp\/v2\/posts"}],"about":[{"href":"https:\/\/247stiri.ro\/index.php\/wp-json\/wp\/v2\/types\/post"}],"replies":[{"embeddable":true,"href":"https:\/\/247stiri.ro\/index.php\/wp-json\/wp\/v2\/comments?post=46475"}],"version-history":[{"count":0,"href":"https:\/\/247stiri.ro\/index.php\/wp-json\/wp\/v2\/posts\/46475\/revisions"}],"wp:featuredmedia":[{"embeddable":true,"href":"https:\/\/247stiri.ro\/index.php\/wp-json\/wp\/v2\/media\/46476"}],"wp:attachment":[{"href":"https:\/\/247stiri.ro\/index.php\/wp-json\/wp\/v2\/media?parent=46475"}],"wp:term":[{"taxonomy":"category","embeddable":true,"href":"https:\/\/247stiri.ro\/index.php\/wp-json\/wp\/v2\/categories?post=46475"},{"taxonomy":"post_tag","embeddable":true,"href":"https:\/\/247stiri.ro\/index.php\/wp-json\/wp\/v2\/tags?post=46475"}],"curies":[{"name":"wp","href":"https:\/\/api.w.org\/{rel}","templated":true}]}}