{"id":46487,"date":"2025-04-10T17:44:49","date_gmt":"2025-04-10T17:44:49","guid":{"rendered":"https:\/\/247stiri.ro\/index.php\/2025\/04\/10\/un-oras-din-romania-impune-o-taxa-de-caine-chiar-si-celor-care-nu-au-caine\/"},"modified":"2025-04-10T17:44:49","modified_gmt":"2025-04-10T17:44:49","slug":"un-oras-din-romania-impune-o-taxa-de-caine-chiar-si-celor-care-nu-au-caine","status":"publish","type":"post","link":"https:\/\/247stiri.ro\/index.php\/2025\/04\/10\/un-oras-din-romania-impune-o-taxa-de-caine-chiar-si-celor-care-nu-au-caine\/","title":{"rendered":"Un ora\u0219 din Rom\u00e2nia impune o tax\u0103 de c\u00e2ine, chiar \u0219i celor care nu au c\u00e2ine"},"content":{"rendered":"<p>Primarul Ezekiel Bel\u021bic a explicat c\u0103 aceast\u0103 tax\u0103 nu este destinat\u0103 exclusiv proprietarilor de animale de companie, ci reprezint\u0103 o contribu\u021bie comun\u0103 pentru a aborda o problem\u0103 veche \u2013 num\u0103rul tot mai mare de c\u00e2ini vagabonzi care circul\u0103 pe str\u0103zile ora\u0219ului.<\/p>\n<p>Aceast\u0103 nou\u0103 tax\u0103 este stabilit\u0103 la 15 lei de persoan\u0103 \u0219i va fi perceput\u0103 de la \u00eentreaga comunitate. Prim\u0103ria estimeaz\u0103 c\u0103 va str\u00e2nge aproximativ 150.000 de lei, sum\u0103 care acoper\u0103 doar o parte din cheltuielile totale, estimate la aproximativ 400.000 de lei pe an.<\/p>\n<p>\u00cen plus, prim\u0103ria a \u00eencheiat un contract cu un ad\u0103post privat care ofer\u0103 servicii de ecarisaj, iar costul pentru captura unui singur c\u00e2ine de pe strad\u0103 se ridic\u0103 la 1.100 de lei. Aceast\u0103 sum\u0103 include toate etapele procesului: capturarea animalului, tranchilizarea, tratamentele medicale \u0219i cazarea \u00een ad\u0103post.<\/p>\n<p>Primarul a explicat c\u0103 responsabilitatea pentru problema c\u00e2inilor f\u0103r\u0103 st\u0103p\u00e2n nu revine \u00een mod exclusiv animalelor, ci mai ales persoanelor care aleg s\u0103-\u0219i abandoneze animalele de companie. \u00cen opinia sa, taxa impus\u0103 nu reprezint\u0103 o sanc\u021biune, ci o m\u0103sur\u0103 colectiv\u0103 pentru a face fa\u021b\u0103 unei crize comunitare.<\/p>\n<p><a title=\"Ursul care l-a ranit grav pe seful Salvamont Predeal, de negasit. Ciolacu vrea gard electric\" href=\"https:\/\/www.realitatea.net\/stiri\/actual\/ursul-care-la-ranit-grav-pe-seful-salvamont-predeal-de-negasit-ciolacu-vrea-gard-electric_67ea96417035f24a5c179845\">Ursul care l-a r\u0103nit grav pe \u0219eful Salvamont Predeal, de neg\u0103sit. Ciolacu vrea gard electric<\/a><\/p>\n<p>\u00cen Salcea, autorit\u0103\u021bile au demarat deja o ini\u021biativ\u0103 de microcipare a c\u00e2inilor care au st\u0103p\u00e2n, iar pe viitor se inten\u021bioneaz\u0103 lansarea unor programe de sterilizare subven\u021bionat\u0103, cu condi\u021bia ob\u021binerii aprob\u0103rilor necesare din partea Consiliului Local. De asemenea, prim\u0103ria pl\u0103nuie\u0219te s\u0103 instaleze camere de supraveghere pentru a putea identifica \u0219i sanc\u021biona persoanele care abandoneaz\u0103 animale.<\/p>\n<p>Pentru a \u00eencuraja implicarea comunit\u0103\u021bii, prim\u0103ria ia \u00een considerare oferirea de recompense cet\u0103\u021benilor care raporteaz\u0103 cazuri de abandon al c\u00e2inilor. Detaliile acestui program vor fi stabilite ulterior, dar autorit\u0103\u021bile locale se angajeaz\u0103 s\u0103 nu tolereze indiferen\u021ba sau complicitatea \u00een aceast\u0103 problem\u0103.<\/p>\n<p><a title=\"Care este varsta cainelui tau, de fapt. A fost demontat mitul celor 7 ani umani\" href=\"https:\/\/www.realitatea.net\/stiri\/actual\/care-este-varsta-cainelui-tau-de-fapt-a-fost-demontat-mitul-celor-7-ani-umani_67f4dce89af3122e54735ab4\">Care este v\u00e2rsta c\u00e2inelui t\u0103u, de fapt. A fost demontat mitul celor 7 ani umani<\/a><\/p>","protected":false},"excerpt":{"rendered":"<p>Primarul Ezekiel Bel\u021bic a explicat c\u0103 aceast\u0103 tax\u0103 nu este destinat\u0103 exclusiv proprietarilor de animale&hellip;<\/p>\n","protected":false},"author":0,"featured_media":46488,"comment_status":"open","ping_status":"open","sticky":false,"template":"","format":"standard","meta":{"footnotes":""},"categories":[2],"tags":[],"class_list":["post-46487","post","type-post","status-publish","format-standard","has-post-thumbnail","hentry","category-actual"],"_links":{"self":[{"href":"https:\/\/247stiri.ro\/index.php\/wp-json\/wp\/v2\/posts\/46487","targetHints":{"allow":["GET"]}}],"collection":[{"href":"https:\/\/247stiri.ro\/index.php\/wp-json\/wp\/v2\/posts"}],"about":[{"href":"https:\/\/247stiri.ro\/index.php\/wp-json\/wp\/v2\/types\/post"}],"replies":[{"embeddable":true,"href":"https:\/\/247stiri.ro\/index.php\/wp-json\/wp\/v2\/comments?post=46487"}],"version-history":[{"count":0,"href":"https:\/\/247stiri.ro\/index.php\/wp-json\/wp\/v2\/posts\/46487\/revisions"}],"wp:featuredmedia":[{"embeddable":true,"href":"https:\/\/247stiri.ro\/index.php\/wp-json\/wp\/v2\/media\/46488"}],"wp:attachment":[{"href":"https:\/\/247stiri.ro\/index.php\/wp-json\/wp\/v2\/media?parent=46487"}],"wp:term":[{"taxonomy":"category","embeddable":true,"href":"https:\/\/247stiri.ro\/index.php\/wp-json\/wp\/v2\/categories?post=46487"},{"taxonomy":"post_tag","embeddable":true,"href":"https:\/\/247stiri.ro\/index.php\/wp-json\/wp\/v2\/tags?post=46487"}],"curies":[{"name":"wp","href":"https:\/\/api.w.org\/{rel}","templated":true}]}}