{"id":46489,"date":"2025-04-10T17:44:50","date_gmt":"2025-04-10T17:44:50","guid":{"rendered":"https:\/\/247stiri.ro\/index.php\/2025\/04\/10\/infrangere-grea-pentru-elena-lasconi-comitetul-usr-voteaza-pentru-sustinerea-lui-nicusor-dan-si-o-lasa-fara-fondurile-de-campanie\/"},"modified":"2025-04-10T17:44:50","modified_gmt":"2025-04-10T17:44:50","slug":"infrangere-grea-pentru-elena-lasconi-comitetul-usr-voteaza-pentru-sustinerea-lui-nicusor-dan-si-o-lasa-fara-fondurile-de-campanie","status":"publish","type":"post","link":"https:\/\/247stiri.ro\/index.php\/2025\/04\/10\/infrangere-grea-pentru-elena-lasconi-comitetul-usr-voteaza-pentru-sustinerea-lui-nicusor-dan-si-o-lasa-fara-fondurile-de-campanie\/","title":{"rendered":"\u00cenfr\u00e2ngere grea pentru Elena Lasconi. Comitetul USR voteaz\u0103 pentru sus\u021binerea lui Nicu\u0219or Dan \u0219i o las\u0103 f\u0103r\u0103 fondurile de campanie"},"content":{"rendered":"<p>\u00cen cadrul \u0219edin\u021bei recente a Comitetului Politic, 225 de membri ai USR au votat, iar rezultatele au ar\u0103tat o sus\u021binere semnificativ\u0103 pentru Nicu\u0219or Dan: 168 de voturi pentru, 50 \u00eempotriv\u0103 \u0219i 7 ab\u021bineri. Aceast\u0103 decizie reflect\u0103 o schimbare major\u0103 \u00een strategia electoral\u0103 a partidului, care, p\u00e2n\u0103 de cur\u00e2nd, p\u0103rea s\u0103 se alinieze \u00een jurul candidaturii Elenei Lasconi.<\/p>\n<p>\u00cen urma votului, conducerea USR a decis s\u0103 sisteze finan\u021barea campaniei electorale a Elenei Lasconi, redirec\u021bion\u00e2nd toate resursele \u0219i energiile c\u0103tre sus\u021binerea lui Nicu\u0219or Dan. Aceast\u0103 decizie va avea un impact semnificativ asupra campaniei Elenei Lasconi, care se baza pe sprijinul financiar \u0219i logistic al partidului pentru a-\u0219i promova viziunea \u0219i programul electoral.<\/p>\n<p>Decizia Comitetului Politic vine la o zi dup\u0103 ce liderii USR, reuni\u021bi \u00een \u0219edin\u021b\u0103, au decis s\u0103-i retrag\u0103 sprijinul Elenei Lasconi \u00een cursa pentru Palatul Cotroceni \u0219i s\u0103-l sus\u021bin\u0103 pe Nicu\u0219or Dan.\u00a0<\/p>\n<p>Liderii USR au spus c\u0103 decizia a fost luat\u0103 ca urmare a celui mai recent sondaj intern \u00een care Lasconi abia str\u00e2ngea 4-5% din voturi.<\/p>\n<p><a title=\"Lasconi, dupa ce USR a tradat-o pentru Nicusor Dan: Sunt personaje pestrite in jurul lui, are un grup de interese in spate\" href=\"https:\/\/www.realitatea.net\/stiri\/alegeri-2025\/lasconi-dupa-ce-usr-a-tradato-pentru-nicusor-dan-sunt-personaje-pestrite-in-jurul-lui-are-un-grup-de-interese-in-spate_67f6688072baf317b06527e4\">Lasconi, dup\u0103 ce USR a tr\u0103dat-o pentru Nicu\u0219or Dan: Sunt personaje pestri\u021be \u00een jurul lui, are un grup de interese \u00een spate<\/a><\/p>\n<p>Potrivit useri\u0219tilor, ziua a fost una dureroas\u0103 pentru ei, \u00eens\u0103 s-au v\u0103zut nevoi\u021bi s\u0103 ia decizii \u00een ceea ce prive\u0219te interesul na\u021bional, \u0219i nu s\u0103 fie puse \u00een prim-plan orgolii politice.<\/p>\n<p>&#8222;Nu mai exist\u0103 o cale pentru Elena Lasconi s\u0103 ajung\u0103 \u00een turul 2. Am decis, azi, la Biroul Na\u021bional, s\u0103 convoc\u0103m un Comitet Politic \u0219i s\u0103 punem pe primul loc responsabilitatea fa\u021b\u0103 de \u021bar\u0103, chiar dac\u0103 asta \u00eensemn\u0103 o decizie dureroas\u0103 pentru partid. Iar la acest Comitet Politic s\u0103 vot\u0103m sus\u021binerea lui Nicu\u0219or Dan, un independent, la pre\u0219edin\u021bia Rom\u00e2niei. Am luat decizia \u00een Biroul Na\u021bional cu doar dou\u0103 voturi &#8222;\u00eempotriv\u0103&#8221;.<\/p>\n<p>Din p\u0103cate, se pare c\u0103 Elena Lasconi vrea s\u0103 continue pe acest drum (al candidaturii \u2013 n.r.), dar noi vrem s\u0103 \u00eel sus\u021binem pe Nicu\u0219or Dan.<\/p>\n<p>Comitetul Politic va avea m\u00e2ine \u0219edin\u021ba. Elena Lasconi e pre\u0219edinta partidului, dar va fi nevoie s\u0103 ne reordon\u0103m. Dac\u0103 m\u00e2ine Comitetul Politic informal va confirma decizia de azi din Biroul Na\u021bional, ar fi normal ca Elena Lasconi s\u0103 se retrag\u0103 din func\u021bia de pre\u0219edinte.<\/p>\n<p>Noi nu ne dorim nici un fel de conflict cu Elena Lasconi, dar decizia ca \u00een acest moment s\u0103 nu putem continua cu o candidatur\u0103 care pune \u00een pericol \u021bara e asumat\u0103 de noi to\u021bi&#8221;, a declarat Dominic Fritz.<\/p>\n<p>Mai mult, liderii USR au f\u0103cut un apel la PNL \u0219i UDMR s\u0103-l sus\u021bin\u0103 pe Nicu\u0219or Dan \u0219i spun c\u0103 trebuie evitat\u0103 o final\u0103 preziden\u021bial\u0103 \u00eentre George Simion \u0219i Victor Ponta.\u00a0<\/p>\n<p><a title=\"Stenograme devastatoare din sedinta rezistilor: cum a fost EXECUTATA Elena Lasconi de oamenii de incredere. Cine i-a tras presul de sub picioare\" href=\"https:\/\/www.realitatea.net\/stiri\/alegeri-2025\/stenograme-devastatoare-din-sedinta-rezistilor-cum-a-fost-executata-elena-lasconi-de-oamenii-de-incredere-cine-ia-tras-presul-de-sub-picioare_67f64bb4b3c96b27331f2cb8\">Stenograme devastatoare din \u0219edin\u021ba rezi\u0219tilor: cum a fost EXECUTAT\u0102 Elena Lasconi de oamenii de \u00eencredere. Cine i-a tras pre\u0219ul de sub picioare<\/a><\/p>","protected":false},"excerpt":{"rendered":"<p>\u00cen cadrul \u0219edin\u021bei recente a Comitetului Politic, 225 de membri ai USR au votat, iar&hellip;<\/p>\n","protected":false},"author":0,"featured_media":46486,"comment_status":"open","ping_status":"open","sticky":false,"template":"","format":"standard","meta":{"footnotes":""},"categories":[2],"tags":[],"class_list":["post-46489","post","type-post","status-publish","format-standard","has-post-thumbnail","hentry","category-actual"],"_links":{"self":[{"href":"https:\/\/247stiri.ro\/index.php\/wp-json\/wp\/v2\/posts\/46489","targetHints":{"allow":["GET"]}}],"collection":[{"href":"https:\/\/247stiri.ro\/index.php\/wp-json\/wp\/v2\/posts"}],"about":[{"href":"https:\/\/247stiri.ro\/index.php\/wp-json\/wp\/v2\/types\/post"}],"replies":[{"embeddable":true,"href":"https:\/\/247stiri.ro\/index.php\/wp-json\/wp\/v2\/comments?post=46489"}],"version-history":[{"count":0,"href":"https:\/\/247stiri.ro\/index.php\/wp-json\/wp\/v2\/posts\/46489\/revisions"}],"wp:featuredmedia":[{"embeddable":true,"href":"https:\/\/247stiri.ro\/index.php\/wp-json\/wp\/v2\/media\/46486"}],"wp:attachment":[{"href":"https:\/\/247stiri.ro\/index.php\/wp-json\/wp\/v2\/media?parent=46489"}],"wp:term":[{"taxonomy":"category","embeddable":true,"href":"https:\/\/247stiri.ro\/index.php\/wp-json\/wp\/v2\/categories?post=46489"},{"taxonomy":"post_tag","embeddable":true,"href":"https:\/\/247stiri.ro\/index.php\/wp-json\/wp\/v2\/tags?post=46489"}],"curies":[{"name":"wp","href":"https:\/\/api.w.org\/{rel}","templated":true}]}}