{"id":46492,"date":"2025-04-10T18:45:27","date_gmt":"2025-04-10T18:45:27","guid":{"rendered":"https:\/\/247stiri.ro\/index.php\/2025\/04\/10\/trafic-auto-restrictionat-in-bucuresti-in-weekend-ce-rute-ocolitoare-vor-fi-nevoiti-sa-foloseasca-soferii\/"},"modified":"2025-04-10T18:45:27","modified_gmt":"2025-04-10T18:45:27","slug":"trafic-auto-restrictionat-in-bucuresti-in-weekend-ce-rute-ocolitoare-vor-fi-nevoiti-sa-foloseasca-soferii","status":"publish","type":"post","link":"https:\/\/247stiri.ro\/index.php\/2025\/04\/10\/trafic-auto-restrictionat-in-bucuresti-in-weekend-ce-rute-ocolitoare-vor-fi-nevoiti-sa-foloseasca-soferii\/","title":{"rendered":"Trafic auto restric\u021bionat \u00een Bucure\u0219ti, \u00een weekend. Ce rute ocolitoare vor fi nevoi\u021bi s\u0103 foloseasc\u0103 \u0219oferii"},"content":{"rendered":"<p>\u00cen zilele de 12 \u0219i 13 aprilie, \u00eentre orele 10:00 &#8211; 22:00, PROEDUS &#8211; Centrul de Proiecte Educa\u021bionale \u0219i Sportive Bucure\u0219ti, va organiza evenimentul cultural-artistic dedicat proiectului &#8222;Str\u0103zi Deschise &#8211; Bucure\u0219ti, Promenad\u0103 Urban\u0103&#8221; pe Bulevardul Banu Manta, segmentul de drum cuprins \u00eentre Bulevardul Ion Mihalache \u0219i \u0218oseaua Nicolae Titulescu, iar \u00een acest context se va restric\u021biona circula\u021bia autovehiculelor, \u00eencep\u00e2nd cu data de 11 aprilie, ora 22:00, p\u00e2n\u0103 \u00een data de 14 aprilie, ora 06:00, a informat, joi, Brigada Rutier\u0103 a Capitalei.Pe aceste tronsoane se vor desf\u0103\u0219ura mini-concerte stradale, spectacole de teatru \u0219i dans, ateliere pentru copii, jocuri, activit\u0103\u021bi de recreere \u0219i sportive, statui vivante, arti\u0219ti \u0219i creatori urbani.\u00cen data de 12 aprilie, \u00eentre orele 16:30 &#8211; 18:30, Mitropolia Munteniei \u0219i Dobrogei &#8211; Arhiepiscopia Bucure\u0219tilor va organiza o procesiune religioas\u0103 cu prilejul s\u0103rb\u0103toririi Floriilor, pe traseul M\u00e2n\u0103stirea Radu Vod\u0103 (plecare ora 16:30) &#8211; bulevardul M\u0103r\u0103\u0219e\u0219ti &#8211; bulevardul Dimitrie Cantemir &#8211; Pia\u021ba Unirii (latura de Est \u0219i latura de Nord) &#8211; Biserica Sf. Anton &#8211; Curtea Veche, Paraclis Patriarhal &#8211; Pia\u021ba Unirii (latura de Vest) &#8211; Crucea Br\u00e2ncoveneasc\u0103 &#8211; Colina Bucuriei &#8211; Catedrala Patriarhal\u0103 (sosire ora 18:00).Deplasarea participan\u021bilor se va face pe partea carosabil\u0103, ocazie cu care traficul rutier se va restric\u021biona pe traseul men\u021bionat, astfel: \u00een Pia\u021ba Unirii, restric\u021bionare progresiv\u0103 \u00een func\u021bie de deplasarea credincio\u0219ilor, pe strada Radu Vod\u0103, \u00eenchidere total\u0103 de la bulevardul M\u0103r\u0103\u0219e\u0219ti, bulevardul Dimitrie Cantemir, \u00eenchidere total\u0103 \u00eentre intrarea din Pasajul Unirii (traficul va fi deviat prin pasaj) \u0219i Splaiul Unirii, pe sensul de mers c\u0103tre Pia\u021ba Unirii.\u00cen data de 12 aprilie se va desf\u0103\u0219ura evenimentul sportiv \u201dThe Color Run Amazing Tour 2025\u201d, pe urm\u0103torul traseu: parcarea Bibliotecii Na\u021bionale &#8211; bulevardul Mircea Vod\u0103 &#8211; st\u00e2nga pe bulevardul Unirii &#8211; \u00eentoarcere la trecerea pentru pietoni p\u00e2n\u0103 \u00een Pia\u021ba Constitu\u021biei (f\u0103r\u0103 afectarea traficului rutier din intersec\u021bie) &#8211; bulevardul Unirii &#8211; Pia\u021ba Alba Iulia (f\u0103r\u0103 afectarea traficului rutier din intersec\u021bie) &#8211; bulevardul Unirii &#8211; bulevardul Mircea Vod\u0103 &#8211; parcarea Bibliotecii Na\u021bionale.Pentru buna desf\u0103\u0219urare a evenimentului, se vor institui restric\u021bii de circula\u021bie traseul competi\u021biei, precum \u0219i pe str\u0103zile care acced \u00een acest tronson.\u00cen zilele de 12 \u0219i 13 aprilie, \u00eentre orele 08:00 &#8211; 23:00, se va desf\u0103\u0219ura evenimentul \u201dBucharest Street Food Festival &#8211; Spring Edition\u201d, pe \u0219oseaua Pavel D. Kiseleff.\u201dPentru buna desf\u0103\u0219urare a evenimentului, \u00een perioada 11 aprilie, orele 22:00 &#8211; 14 aprilie ora 06:00, se va restric\u021biona traficul rutier pe \u0219oseaua Pavel D. Kiseleff, segmentul de drum cuprins \u00eentre strada Arh. Ion Mincu \u0219i Pia\u021ba Victoriei, f\u0103r\u0103 afectarea intersec\u021biilor, precum \u0219i pe strada Monet\u0103riei, cu devierea traficului pe arterele adiacente\u201d, spun poli\u021bi\u0219tii \u00een comunicat, citat de Agerpres.De asemenea, \u00een perioada 9 &#8211; 14 aprilie, va fi restric\u021bionat accesul \u00een alveolele de pe \u0219oseaua Pavel D. Kiseleff.\u00cen data de 13 aprilie, \u00eentre orele 08:00 &#8211; 16:00, se va desf\u0103\u0219ura competi\u021bia sportiv\u0103 &#8222;B\u0103neasa Forest Run&#8221;, dup\u0103 urm\u0103torul program: \u00eentre orele 08:00 &#8211; 09:00, adunarea participan\u021bilor pe por\u021biunea cuprins\u0103 \u00eentre Academia de Poli\u021bie \u0219i Aleea Padina; \u00eentre orele 09:00 &#8211; 16:00, alergare pe aleile din P\u0103durea B\u0103neasa, const\u00e2nd \u00een curse de 3 km, 6 km, 11 km \u0219i 21 km.<\/p>\n<p><a title=\"Accident rutier CUMPLIT: sapte politisti raniti si patru autospeciale distruse in incercarea de a opri un BMW\" href=\"https:\/\/www.realitatea.net\/stiri\/extern\/accident-rutier-cumplit-sapte-politisti-raniti-si-patru-autospeciale-distruse-in-incercarea-de-a-opri-un-bmw_67f6c7bdf755a377da668862\">Accident rutier CUMPLIT: \u0219apte poli\u021bi\u0219ti r\u0103ni\u021bi \u0219i patru autospeciale distruse \u00een \u00eencercarea de a opri un BMW<\/a>Pentru buna desf\u0103\u0219urare a evenimentului, \u00eentre orele 07:00 &#8211; 16:00, se va restric\u021biona traficul rutier pe tronsonul de drum cuprins \u00eentre Aleea Privighetorilor \u0219i Aleea Padina.\u00cen perioada 12 aprilie &#8211; 12 octombrie, Prim\u0103ria Municipiului Bucure\u0219ti, ARCUB &#8211; Centrul Cultural al Municipiului Bucure\u0219ti va organiza evenimentul cultural-artistic dedicat proiectului &#8222;Str\u0103zi Deschise &#8211; Bucure\u0219ti, Promenad\u0103 Urban\u0103&#8221;, pe Calea Victoriei, segmentul cuprins \u00eentre bulevardul Dacia \u0219i Splaiul Independen\u021bei, f\u0103r\u0103 afectarea traficului rutier \u00een intersec\u021bii, \u00eentre orele 09:00 &#8211; 23:00, doar \u00een zilele de s\u00e2mb\u0103t\u0103 \u0219i duminic\u0103, cu excep\u021bia zilelor de 19, 20 \u0219i 27 aprilie, 3 &#8211; 4 \u0219i 11 mai, 17 &#8211; 18 mai, 7 iunie, 31 august, 21 septembrie, 4 octombrie, 12 octombrie.Pe aceste tronsoane se vor desf\u0103\u0219ura mini-concerte stradale, spectacole de teatru \u0219i dans, ateliere pentru copii, statui vivante, studiouri foto.Pe durata restric\u021biilor instituite se va permite traversul pe Calea Victoriei, la intersec\u021biile cu bulevardul Dacia, strada \u0218tirbei Vod\u0103, strada Ion C\u00e2mpineanu \u0219i bulevardul Regina Elisabeta.Perimetrele restric\u021bionate vor fi \u00eemprejmuite corespunz\u0103tor, astfel \u00eenc\u00e2t \u00een zonele de travers auto pietonii s\u0103 fie direc\u021biona\u021bi c\u0103tre trotuare, respectiv treceri pentru pietoni.\u201dBrigada Rutier\u0103 solicit\u0103 conduc\u0103torilor de autovehicule s\u0103 evite deplasarea \u00een zon\u0103 \u00een aceast\u0103 perioad\u0103, s\u0103 circule cu pruden\u021b\u0103, s\u0103 p\u0103streze o distan\u021b\u0103 suficient\u0103 pentru a putea fr\u00e2na \u00een condi\u021bii de siguran\u021b\u0103, s\u0103 nu opreasc\u0103 ori s\u0103 sta\u021bioneze dec\u00e2t \u00een locurile special amenajate \u0219i s\u0103 respecte semnalele \u0219i indica\u021biile poli\u021bi\u0219tilor rutieri\u201d, precizeaz\u0103 comunicatul.<\/p>\n<p><a title=\"Tragedie pe un drum din judetul Constanta: o femeie si un barbat si-au pierdut viata dupa ce s-au lovit frontal cu masinile\" href=\"https:\/\/www.realitatea.net\/stiri\/actual\/tragedie-pe-un-drum-din-judetul-constanta-o-femeie-si-un-barbat-siau-pierdut-viata-dupa-ce-sau-lovit-frontal-cu-masinile_67f6d3896be33601922bf322\">Tragedie pe un drum din jude\u021bul Constan\u021ba: o femeie \u0219i un b\u0103rbat \u0219i-au pierdut via\u021ba dup\u0103 ce s-au lovit frontal cu ma\u0219inile<\/a><\/p>","protected":false},"excerpt":{"rendered":"<p>\u00cen zilele de 12 \u0219i 13 aprilie, \u00eentre orele 10:00 &#8211; 22:00, PROEDUS &#8211; Centrul&hellip;<\/p>\n","protected":false},"author":0,"featured_media":46493,"comment_status":"open","ping_status":"open","sticky":false,"template":"","format":"standard","meta":{"footnotes":""},"categories":[2],"tags":[],"class_list":["post-46492","post","type-post","status-publish","format-standard","has-post-thumbnail","hentry","category-actual"],"_links":{"self":[{"href":"https:\/\/247stiri.ro\/index.php\/wp-json\/wp\/v2\/posts\/46492","targetHints":{"allow":["GET"]}}],"collection":[{"href":"https:\/\/247stiri.ro\/index.php\/wp-json\/wp\/v2\/posts"}],"about":[{"href":"https:\/\/247stiri.ro\/index.php\/wp-json\/wp\/v2\/types\/post"}],"replies":[{"embeddable":true,"href":"https:\/\/247stiri.ro\/index.php\/wp-json\/wp\/v2\/comments?post=46492"}],"version-history":[{"count":0,"href":"https:\/\/247stiri.ro\/index.php\/wp-json\/wp\/v2\/posts\/46492\/revisions"}],"wp:featuredmedia":[{"embeddable":true,"href":"https:\/\/247stiri.ro\/index.php\/wp-json\/wp\/v2\/media\/46493"}],"wp:attachment":[{"href":"https:\/\/247stiri.ro\/index.php\/wp-json\/wp\/v2\/media?parent=46492"}],"wp:term":[{"taxonomy":"category","embeddable":true,"href":"https:\/\/247stiri.ro\/index.php\/wp-json\/wp\/v2\/categories?post=46492"},{"taxonomy":"post_tag","embeddable":true,"href":"https:\/\/247stiri.ro\/index.php\/wp-json\/wp\/v2\/tags?post=46492"}],"curies":[{"name":"wp","href":"https:\/\/api.w.org\/{rel}","templated":true}]}}