{"id":46494,"date":"2025-04-10T18:45:28","date_gmt":"2025-04-10T18:45:28","guid":{"rendered":"https:\/\/247stiri.ro\/index.php\/2025\/04\/10\/cum-a-reactionat-colegiul-medicilor-dupa-ce-un-cadru-medical-a-refuzat-sa-consulte-pacienti-nu-trebuie-sa-ajungem-la-conflicte\/"},"modified":"2025-04-10T18:45:28","modified_gmt":"2025-04-10T18:45:28","slug":"cum-a-reactionat-colegiul-medicilor-dupa-ce-un-cadru-medical-a-refuzat-sa-consulte-pacienti-nu-trebuie-sa-ajungem-la-conflicte","status":"publish","type":"post","link":"https:\/\/247stiri.ro\/index.php\/2025\/04\/10\/cum-a-reactionat-colegiul-medicilor-dupa-ce-un-cadru-medical-a-refuzat-sa-consulte-pacienti-nu-trebuie-sa-ajungem-la-conflicte\/","title":{"rendered":"Cum a reac\u021bionat Colegiul Medicilor dup\u0103 ce un cadru medical a refuzat s\u0103 consulte pacien\u021bi: \u201eNu trebuie s\u0103 ajungem la conflicte\u201d"},"content":{"rendered":"<p>Pre\u0219edinta Colegiului Medicilor, prof. dr. C\u0103t\u0103lina Poian\u0103, a calificat atitudinea medicului drept nepotrivit\u0103 \u0219i a subliniat importan\u021ba men\u021binerii unei rela\u021bii bazate pe respect \u00eentre cadrele medicale \u0219i pacien\u021bi, indiferent de context.<\/p>\n<p>\u201eAtitudinea care trebuie s\u0103 guverneze rela\u0163ia dintre medic \u015fi pacient \u00een timpul exercit\u0103rii profesiei medicale, dar \u015fi \u00een afara orelor de program, trebuie s\u0103 fie una de respect reciproc. Atitudinea domnului doctor relevat\u0103 efectiv din dialogul filmat \u015fi prezentat \u00een mass-media, personal, consider c\u0103 nu este cea mai potrivit\u0103. Nu trebuie \u0163ipat sau, mai corect, consider c\u0103 trebuie evitat orice fel de conflict, inclusiv cel verbal \u015fi orice situa\u021bie care poate genera o discu\u0163ie \u00een contradictoriu. Pe de alt\u0103 parte, trebuie s\u0103 \u00een\u0163elegem c\u0103 fiecare medic poate avea o anumit\u0103 \u00eenc\u0103rc\u0103tur\u0103, un anumit grad de burnout, iar din ce am \u00een\u0163eles \u2013 repet, din ce a fost prezentat \u00een mass-media \u2013, domnul doctor terminase programul de consulta\u0163ii \u015fi consultase deja un num\u0103r mare de pacien\u0163i afla\u0163i, probabil, \u00een cadrul program\u0103rilor existente, dar \u015fi un num\u0103r de pacien\u0163i afla\u0163i \u00een afara program\u0103rilor. (din ce am \u00een\u0163eles din relat\u0103ri)\u201d, a declarat C\u0103t\u0103lina Poian\u0103.<\/p>\n<p>Totu\u0219i, ea a precizat c\u0103 <a href=\"https:\/\/www.realitatea.net\/stiri\/actual\/rafila-anunta-ca-se-pregatesc-medici-pentru-a-realiza-trombectomii-pentru-a-salva-pacientii-cu-avc_67f79af78a188c10487c8368\" target=\"_blank\">situa\u021bia trebuie analizat\u0103<\/a> \u0219i \u00een contextul presiunii \u0219i volumului mare de munc\u0103 din sistemul sanitar. Potrivit informa\u021biilor ap\u0103rute \u00een pres\u0103, medicul respectiv \u00ee\u0219i terminase programul \u0219i consultase deja un num\u0103r mare de pacien\u021bi, inclusiv persoane neprogramate.<\/p>\n<p>\u201eAici cred c\u0103 vorbim, \u00een primul r\u00e2nd, de o problem\u0103 de sistem, de a avea \u00een ambulatoriu ture cu medici de aceea\u015fi specialitate, dar, bine\u00een\u0163eles, \u015ftim cu to\u0163ii c\u0103, \u00een marea majoritate a situa\u0163iilor, exist\u0103 o lips\u0103 de medici. Asisten\u0163a medical\u0103 \u00een Ambulatoriu este una dintre activit\u0103\u0163ile care pot fi deficitare din cauza finan\u0163\u0103rii inadecvate \u015fi pot exista situa\u0163ii \u00een care medicii s\u0103 prefere s\u0103 lucreze \u00een sistemul privat. Medicul, ca orice alt angajat, are un program care presupune un anumit timp de lucru \u015fi ore de odihn\u0103. Cred c\u0103 trebuie g\u0103site solu\u0163ii ca program\u0103rile s\u0103 decurg\u0103 eficient, at\u00e2t pentru medic, dar \u015fi ca pacien\u0163ii s\u0103 nu fie nevoi\u0163i s\u0103 a\u015ftepte la cozi. \u00cen acela\u015fi timp, \u015fi pe pacien\u0163i \u00eei rog, cu considera\u0163ie, s\u0103 \u00een\u0163eleag\u0103 c\u0103 trebuie s\u0103 se programeze conform unui orar bine stabilit\u201d, a mai spus pre\u0219edinta Colegiului Medicilor.<\/p>\n<p>Aceasta a f\u0103cut apel \u0219i c\u0103tre pacien\u021bi s\u0103 respecte program\u0103rile \u0219i orarul medicilor, pentru a evita aglomera\u021bia \u0219i situa\u021biile tensionate.<\/p>\n<p>Medicii sunt \u00eencuraja\u021bi s\u0103 evite conflictele cu pacien\u021bii<\/p>\n<p>C\u0103t\u0103lina Poian\u0103 a ad\u0103ugat c\u0103 nu a fost depus\u0103, p\u00e2n\u0103 \u00een acest moment, nicio pl\u00e2ngere oficial\u0103 \u00eempotriva medicului la filiala jude\u021bean\u0103 a Colegiului Medicilor din Prahova.<\/p>\n<p>Ea \u00eei \u00eencurajeaz\u0103 pe medici s\u0103 evite orice confruntare verbal\u0103 cu pacien\u021bii \u0219i, \u00een cazul unor probleme administrative sau legate de programare, s\u0103 se adreseze conducerii spitalului pentru sprijin.<\/p>\n<p>Medicul vizat este dr. C\u0103t\u0103lin Grecu, specialist ORL, care a fost filmat \u00een timp ce le spunea pacien\u021bilor c\u0103 programul s\u0103u s-a \u00eencheiat \u0219i c\u0103 nu este pl\u0103tit pentru a continua consulta\u021biile \u00een afara orelor de lucru.<\/p>\n<p>Directorul medical al spitalului, dr. Andrei Ilinca, a confirmat pentru News.ro c\u0103 s-a deschis o anchet\u0103 intern\u0103 \u0219i c\u0103 s-au solicitat puncte de vedere de la to\u021bi cei implica\u021bi. P\u00e2n\u0103 joi seara, medicul nu oferise un punct de vedere oficial.<\/p>\n<p><a href=\"https:\/\/www.realitatea.net\/stiri\/actual\/semnal-de-alarma-major-tras-de-medici-aproximativ-50-dintre-femeile-care-nasc-la-spital-sunt-minore-unele-paciente-au-sub-14-ani_67f7624c3e49983ecf7cf612\" target=\"_blank\">Potrivit conducerii spitalului,<\/a> reac\u021bia acestuia ar fi venit pe fondul oboselii, dup\u0103 ce consultase 37 de pacien\u021bi, cu nou\u0103 mai mult dec\u00e2t prevede programul. Cei care l-au filmat nu se aflau pe lista de program\u0103ri.<\/p>","protected":false},"excerpt":{"rendered":"<p>Pre\u0219edinta Colegiului Medicilor, prof. dr. C\u0103t\u0103lina Poian\u0103, a calificat atitudinea medicului drept nepotrivit\u0103 \u0219i a&hellip;<\/p>\n","protected":false},"author":0,"featured_media":46495,"comment_status":"open","ping_status":"open","sticky":false,"template":"","format":"standard","meta":{"footnotes":""},"categories":[2],"tags":[],"class_list":["post-46494","post","type-post","status-publish","format-standard","has-post-thumbnail","hentry","category-actual"],"_links":{"self":[{"href":"https:\/\/247stiri.ro\/index.php\/wp-json\/wp\/v2\/posts\/46494","targetHints":{"allow":["GET"]}}],"collection":[{"href":"https:\/\/247stiri.ro\/index.php\/wp-json\/wp\/v2\/posts"}],"about":[{"href":"https:\/\/247stiri.ro\/index.php\/wp-json\/wp\/v2\/types\/post"}],"replies":[{"embeddable":true,"href":"https:\/\/247stiri.ro\/index.php\/wp-json\/wp\/v2\/comments?post=46494"}],"version-history":[{"count":0,"href":"https:\/\/247stiri.ro\/index.php\/wp-json\/wp\/v2\/posts\/46494\/revisions"}],"wp:featuredmedia":[{"embeddable":true,"href":"https:\/\/247stiri.ro\/index.php\/wp-json\/wp\/v2\/media\/46495"}],"wp:attachment":[{"href":"https:\/\/247stiri.ro\/index.php\/wp-json\/wp\/v2\/media?parent=46494"}],"wp:term":[{"taxonomy":"category","embeddable":true,"href":"https:\/\/247stiri.ro\/index.php\/wp-json\/wp\/v2\/categories?post=46494"},{"taxonomy":"post_tag","embeddable":true,"href":"https:\/\/247stiri.ro\/index.php\/wp-json\/wp\/v2\/tags?post=46494"}],"curies":[{"name":"wp","href":"https:\/\/api.w.org\/{rel}","templated":true}]}}