{"id":46504,"date":"2025-04-10T19:45:23","date_gmt":"2025-04-10T19:45:23","guid":{"rendered":"https:\/\/247stiri.ro\/index.php\/2025\/04\/10\/marturisire-cutremuratoare-facuta-de-mihai-stoica-ma-rugam-sa-mor-cu-ce-boala-grava-s-a-confruntat-fiica-sa\/"},"modified":"2025-04-10T19:45:23","modified_gmt":"2025-04-10T19:45:23","slug":"marturisire-cutremuratoare-facuta-de-mihai-stoica-ma-rugam-sa-mor-cu-ce-boala-grava-s-a-confruntat-fiica-sa","status":"publish","type":"post","link":"https:\/\/247stiri.ro\/index.php\/2025\/04\/10\/marturisire-cutremuratoare-facuta-de-mihai-stoica-ma-rugam-sa-mor-cu-ce-boala-grava-s-a-confruntat-fiica-sa\/","title":{"rendered":"M\u0103rturisire cutremur\u0103toare f\u0103cut\u0103 de Mihai Stoica: \u201eM\u0103 rugam s\u0103 mor\u201d. Cu ce boal\u0103 grav\u0103 s-a confruntat fiica sa"},"content":{"rendered":"<p>Oficialul FCSB crede c\u0103 suferin\u021ba prin care a trecut fiica sa a fost declan\u0219at\u0103 de stresul provocat de arestarea sa din anul 2014.<\/p>\n<p>\u00cen cadrul podcastului SportCast cu Sile, Mihai Stoica a rememorat clipele grele din deten\u021bie, c\u00e2nd a sim\u021bit c\u0103 totul se pr\u0103bu\u0219e\u0219te \u00een jurul s\u0103u. \u201eC\u00e2nd am aflat de boala Teodorei, am fost devastat. M\u0103 rugam s\u0103 m\u0103 ia Dumnezeu, dar cred c\u0103 era o rug\u0103ciune egoist\u0103, dintr-o iubire de sine dus\u0103 la extrem\u201d, a m\u0103rturisit acesta cu sinceritate.<\/p>\n<p>Arestarea lui Mihai Stoica<\/p>\n<p>Condamnat la trei ani \u0219i \u0219ase luni de \u00eenchisoare cu executare \u00een celebrul \u201eDosar al transferurilor\u201d,<a href=\"https:\/\/www.realitatea.net\/stiri\/sport\/propunerea-lui-mihai-stoica-care-schimba-total-fotbalul-nostru-valorile-ar-fi-mai-concentrate_61ac8cbeec08ec7569286f42\" target=\"_blank\"> Mihai Stoica<\/a> a isp\u0103\u0219it aproape doi ani de deten\u021bie. Chiar dac\u0103 a \u00eencercat s\u0103-i transmit\u0103 fiicei sale c\u0103 va face fa\u021b\u0103 situa\u021biei \u0219i c\u0103 are prieteni \u0219i sprijin \u00een spatele gratiilor, impactul emo\u021bional asupra familiei a fost profund.<\/p>\n<p>\u201eSunt convins c\u0103 Teodora s-a \u00eemboln\u0103vit din cauza arest\u0103rii mele. A fost un moment cumplit pentru ea. Nu \u0219tiu dac\u0103 am v\u0103zut postarea ei din acea zi, dar \u0219tiu c\u0103 a fost devastat\u0103. Pierderea figurii paterne, chiar \u0219i temporar, a avut un impact major asupra st\u0103rii ei psihice\u201d, <a href=\"https:\/\/www.realitatea.net\/stiri\/sport\/masura-radicala-luata-de-gigi-becali-mihai-stoica-anunt-de-ultima-ora-_619f914b56332c28cb2fccf6\" target=\"_blank\">a spus Stoica<\/a>, referindu-se la o fotografie emo\u021bionant\u0103 \u00een care \u00ee\u0219i \u021binea fiica de m\u00e2n\u0103, postat\u0103 de aceasta \u00een ziua \u00een care a fost arestat.<\/p>\n<p>Teodora Stoica \u2013 un exemplu de curaj<\/p>\n<p>Diagnosticul dur a venit ani mai t\u00e2rziu, \u00een 2020, \u00een urma unui control medical de rutin\u0103. Teodora a fost diagnosticat\u0103 cu o form\u0103 de cancer, iar perioada ce a urmat a fost, potrivit propriei m\u0103rturisiri, \u201eun \u0219oc continuu\u201d. Cu sprijin medical, un program strict de tratament \u0219i mult\u0103 determinare, a reu\u0219it s\u0103 \u00eenving\u0103 boala.<\/p>\n<p>Mihai Stoica a vorbit cu re\u021binere, dar \u0219i cu vizibil\u0103 emo\u021bie despre discu\u021bia avut\u0103 cu fiica sa \u00eenainte de a fi re\u021binut. \u201eI-am spus c\u0103 o s\u0103 m\u0103 descurc, c\u0103 \u0219tiu oameni, c\u0103 nu-mi va fi imposibil. Dar, oric\u00e2t a\u0219 fi \u00eencercat s-o lini\u0219tesc, greul a fost pe umerii ei. Via\u021ba m-a pus \u00een situa\u021bii \u00een care am cunoscut tot felul de oameni. Nu m-a speriat \u00eenchisoarea, ci ce am l\u0103sat \u00een urm\u0103.\u201d<\/p>\n<p>Ast\u0103zi, Teodora Stoica este s\u0103n\u0103toas\u0103 \u0219i a l\u0103sat \u00een urm\u0103 acea perioad\u0103 de suferin\u021b\u0103. P\u0103rintele ei, \u00een continuare un personaj central \u00een lumea fotbalului rom\u00e2nesc, r\u0103m\u00e2ne marcat de acel episod care i-a zguduit familia.<\/p>\n<p>Iubirea p\u0103rinteasc\u0103, \u00een momentele de criz\u0103, se transform\u0103 \u00een cea mai profund\u0103 form\u0103 de suferin\u021b\u0103, dar \u0219i de speran\u021b\u0103.<\/p>","protected":false},"excerpt":{"rendered":"<p>Oficialul FCSB crede c\u0103 suferin\u021ba prin care a trecut fiica sa a fost declan\u0219at\u0103 de&hellip;<\/p>\n","protected":false},"author":0,"featured_media":46505,"comment_status":"open","ping_status":"open","sticky":false,"template":"","format":"standard","meta":{"footnotes":""},"categories":[5],"tags":[],"class_list":["post-46504","post","type-post","status-publish","format-standard","has-post-thumbnail","hentry","category-sport"],"_links":{"self":[{"href":"https:\/\/247stiri.ro\/index.php\/wp-json\/wp\/v2\/posts\/46504","targetHints":{"allow":["GET"]}}],"collection":[{"href":"https:\/\/247stiri.ro\/index.php\/wp-json\/wp\/v2\/posts"}],"about":[{"href":"https:\/\/247stiri.ro\/index.php\/wp-json\/wp\/v2\/types\/post"}],"replies":[{"embeddable":true,"href":"https:\/\/247stiri.ro\/index.php\/wp-json\/wp\/v2\/comments?post=46504"}],"version-history":[{"count":0,"href":"https:\/\/247stiri.ro\/index.php\/wp-json\/wp\/v2\/posts\/46504\/revisions"}],"wp:featuredmedia":[{"embeddable":true,"href":"https:\/\/247stiri.ro\/index.php\/wp-json\/wp\/v2\/media\/46505"}],"wp:attachment":[{"href":"https:\/\/247stiri.ro\/index.php\/wp-json\/wp\/v2\/media?parent=46504"}],"wp:term":[{"taxonomy":"category","embeddable":true,"href":"https:\/\/247stiri.ro\/index.php\/wp-json\/wp\/v2\/categories?post=46504"},{"taxonomy":"post_tag","embeddable":true,"href":"https:\/\/247stiri.ro\/index.php\/wp-json\/wp\/v2\/tags?post=46504"}],"curies":[{"name":"wp","href":"https:\/\/api.w.org\/{rel}","templated":true}]}}