{"id":46508,"date":"2025-04-10T19:45:25","date_gmt":"2025-04-10T19:45:25","guid":{"rendered":"https:\/\/247stiri.ro\/index.php\/2025\/04\/10\/dragnea-il-detoneaza-pe-ponta-sufera-de-mitomanie-si-a-luat-cetatenia-sarba-iar-daca-iesea-prost-cu-dosarele-voia-sa-mearga-in-serbia\/"},"modified":"2025-04-10T19:45:25","modified_gmt":"2025-04-10T19:45:25","slug":"dragnea-il-detoneaza-pe-ponta-sufera-de-mitomanie-si-a-luat-cetatenia-sarba-iar-daca-iesea-prost-cu-dosarele-voia-sa-mearga-in-serbia","status":"publish","type":"post","link":"https:\/\/247stiri.ro\/index.php\/2025\/04\/10\/dragnea-il-detoneaza-pe-ponta-sufera-de-mitomanie-si-a-luat-cetatenia-sarba-iar-daca-iesea-prost-cu-dosarele-voia-sa-mearga-in-serbia\/","title":{"rendered":"Dragnea \u00eel\u00a0detoneaz\u0103 pe Ponta: Sufer\u0103 de mitomanie. \u0218i-a luat cet\u0103\u021benia s\u00e2rb\u0103, iar dac\u0103 ie\u0219ea prost cu dosarele voia s\u0103 mearg\u0103 \u00een Serbia"},"content":{"rendered":"<p>\u00centr-o declara\u021bie pentru pres\u0103, Dragnea sus\u021bine c\u0103 Victor Ponta ar fi inventat povestea cu inunda\u021biile \u0219i necesitatea de a salva Belgradul pentru a-\u0219i justifica cet\u0103\u021benia s\u00e2rb\u0103. Fostul lider PSD a afirmat c\u0103 acesta era, de fapt, planul de rezerv\u0103 al lui Ponta, care lua \u00een calcul s\u0103 se refugieze \u00een Serbia, dac\u0103 dosarele sale penale se finalizau cu o condamnare.<\/p>\n<p>&#8222;Nu a dat Victor Ponta drumul la ap\u0103 ca s\u0103 salveze Belgradul, este exclus a\u0219a ceva. \u00cenc\u0103 o dat\u0103 o spun \u0219i nu o spun cu r\u0103utate. Victor Ponta este bolnav, are aceast\u0103 boal\u0103 \u0219i o \u0219tiu de mult. La un moment dat oric\u0103rui mitoman \u00eei bubuie \u00een fa\u021b\u0103.<\/p>\n<p>El a vrut s\u0103 aduc\u0103 argumente pentru faptul c\u0103 are cet\u0103\u021benia s\u00e2rb\u0103, ceea ce era planul lui de rezerv\u0103 \u00een caz c\u0103 ie\u0219ea prost cu dosarele&#8221;, a afirmat Dragnea, potrivit sursei citate.<\/p>\n<p>Fostul lider PSD a mai precizat c\u0103 la vremea respectiv\u0103 Ponta \u00eei delegase lui toate atribu\u021biile legate de prevenirea dezastrelor, pentru c\u0103 &#8222;el nu se pricepe&#8221;, iar \u00een momentul \u00een care viitura a ajuns \u00een Rom\u00e2nia Belgradul era deja inundat, deci &#8222;nu mai avea cu ce s\u0103 ajute Victor Ponta&#8221;.<\/p>\n<p>&#8222;Dac\u0103 tu ai mentalitatea asta \u0219i pentru tine nu conteaz\u0103 rom\u00e2nii, nu ai ce s\u0103 cau\u021bi la Cotroceni. S\u0103-mi spune\u021bi mie dac\u0103 a\u021bi mai v\u0103zut pe undeva \u00een lumea asta ca vreun lider politic s\u0103 spun\u0103 c\u0103 sunt mai importan\u021bi vecinii dec\u00e2t proprii cet\u0103\u021beni. Nu zic s\u0103 n-avem rela\u021bii de bun\u0103 vecin\u0103tate, s\u0103 ne ajut\u0103m, dar pe primul loc sunt rom\u00e2nii,\u201d a declarat Liviu Dragnea.<\/p>","protected":false},"excerpt":{"rendered":"<p>\u00centr-o declara\u021bie pentru pres\u0103, Dragnea sus\u021bine c\u0103 Victor Ponta ar fi inventat povestea cu inunda\u021biile&hellip;<\/p>\n","protected":false},"author":0,"featured_media":46509,"comment_status":"open","ping_status":"open","sticky":false,"template":"","format":"standard","meta":{"footnotes":""},"categories":[3],"tags":[],"class_list":["post-46508","post","type-post","status-publish","format-standard","has-post-thumbnail","hentry","category-politica"],"_links":{"self":[{"href":"https:\/\/247stiri.ro\/index.php\/wp-json\/wp\/v2\/posts\/46508","targetHints":{"allow":["GET"]}}],"collection":[{"href":"https:\/\/247stiri.ro\/index.php\/wp-json\/wp\/v2\/posts"}],"about":[{"href":"https:\/\/247stiri.ro\/index.php\/wp-json\/wp\/v2\/types\/post"}],"replies":[{"embeddable":true,"href":"https:\/\/247stiri.ro\/index.php\/wp-json\/wp\/v2\/comments?post=46508"}],"version-history":[{"count":0,"href":"https:\/\/247stiri.ro\/index.php\/wp-json\/wp\/v2\/posts\/46508\/revisions"}],"wp:featuredmedia":[{"embeddable":true,"href":"https:\/\/247stiri.ro\/index.php\/wp-json\/wp\/v2\/media\/46509"}],"wp:attachment":[{"href":"https:\/\/247stiri.ro\/index.php\/wp-json\/wp\/v2\/media?parent=46508"}],"wp:term":[{"taxonomy":"category","embeddable":true,"href":"https:\/\/247stiri.ro\/index.php\/wp-json\/wp\/v2\/categories?post=46508"},{"taxonomy":"post_tag","embeddable":true,"href":"https:\/\/247stiri.ro\/index.php\/wp-json\/wp\/v2\/tags?post=46508"}],"curies":[{"name":"wp","href":"https:\/\/api.w.org\/{rel}","templated":true}]}}