{"id":46513,"date":"2025-04-10T19:45:27","date_gmt":"2025-04-10T19:45:27","guid":{"rendered":"https:\/\/247stiri.ro\/index.php\/2025\/04\/10\/ministerul-mediului-a-aflat-cati-ursi-traiesc-in-romania-iar-numarul-il-depaseste-de-aproape-trei-ori-pe-cel-optim\/"},"modified":"2025-04-10T19:45:27","modified_gmt":"2025-04-10T19:45:27","slug":"ministerul-mediului-a-aflat-cati-ursi-traiesc-in-romania-iar-numarul-il-depaseste-de-aproape-trei-ori-pe-cel-optim","status":"publish","type":"post","link":"https:\/\/247stiri.ro\/index.php\/2025\/04\/10\/ministerul-mediului-a-aflat-cati-ursi-traiesc-in-romania-iar-numarul-il-depaseste-de-aproape-trei-ori-pe-cel-optim\/","title":{"rendered":"Ministerul Mediului a aflat c\u00e2\u021bi ur\u0219i tr\u0103iesc \u00een Rom\u00e2nia, iar num\u0103rul \u00eel dep\u0103\u0219e\u0219te de aproape trei ori pe cel optim"},"content":{"rendered":"<p>Mircea Fechet a participat la o conferin\u021b\u0103 de pres\u0103 dedicat\u0103 prezent\u0103rii, \u00een premier\u0103, a rezultatelor preliminare privind popula\u021bia de urs brun din Rom\u00e2nia \u00een cadrul proiectului \u201dImplementarea Planului na\u021bional de ac\u021biune pentru conservarea popula\u021biei de urs brun din Rom\u00e2nia cod SMIS 136899\/319056\u201d.\u201dDup\u0103 analizarea a peste 24.000 de probe recoltate din 25 de jude\u021be, realizatorii acestui studiu estimeaz\u0103 c\u0103 \u00een Rom\u00e2nia tr\u0103iesc \u00eentre 10.419 \u0219i 12.770 de ur\u0219i bruni, evaluarea maxim\u0103 estimat\u0103 de speciali\u0219ti. Nivelul de \u00eencredere pentru aceste cifre, conform metodologiei, este de 95%. A\u0219adar, putem afirma, pentru prima dat\u0103 \u00een istoria Rom\u00e2niei, cu o baz\u0103 \u0219tiin\u021bific\u0103 solid\u0103, c\u00e2\u021bi ur\u0219i avem \u00een p\u0103dure. P\u00e2n\u0103 acum am lucrat cu estim\u0103ri mai mult sau mai pu\u021bin controversate. Acestea erau bazate pe observa\u021bii vizuale sau alte metode indirecte, \u00eens\u0103 ast\u0103zi avem o imagine clar\u0103, pe baza ADN-ului pe care l-am verificat \u00een fiecare prob\u0103\u201d, a spus ministrul Mediului.Potrivit acestuia, proiectul este unul dintre cele mai ample \u0219i mai ambi\u021bioase desf\u0103\u0219urate vreodat\u0103 \u00een Rom\u00e2nia.\u201dSper\u0103m s\u0103 punem Rom\u00e2nia pe harta \u0219tiin\u021bific\u0103 interna\u021bional\u0103, pentru c\u0103 acesta este cel mai mare \u0219i cel mai complex studiu genetic al popula\u021biei de urs brun realizat vreodat\u0103 la nivel mondial\u201d, a afirmat Fechet.Cercetarea este pur rom\u00e2neasc\u0103, a ar\u0103tat \u0219eful de la Mediu, pentru c\u0103 toate analizele s-au f\u0103cut \u00een laboratorul Institutului Na\u021bional de Cercetare-Dezvoltare \u00een Silvicultur\u0103 \u201dMarin Dr\u0103cea\u201d \u0219i au fost folosite echipamente de ultim\u0103 genera\u021bie, \u00een conformitate cu cele mai \u00eenalte standarde interna\u021bionale.\u201d\u00cen spatele acestor rezultate impresionante st\u0103 o bun\u0103 mobilizare pentru c\u0103 au fost implica\u021bi 672 de speciali\u0219ti \u00een cinegetic\u0103. Au avut c\u00e2ini special antrena\u021bi pentru colectarea probelor din parcurile naturale \u0219i na\u021bionale. Au avut o aplica\u021bie pentru a asigura trasabilitatea tuturor acestor probe, cu coordonate GPS, cu aplica\u021bie informatic\u0103. Nu vorbim doar de o cercetare \u0219tiin\u021bific\u0103, ci de o schimbare de paradigm\u0103 a modului \u00een care gestion\u0103m popula\u021bia de ur\u0219i bruni din Rom\u00e2nia\u201d, a ar\u0103tat ministrul.<\/p>\n<p><a href=\"https:\/\/www.realitatea.net\/stiri\/actual\/ministrul-mediului-mesaj-dupa-atacul-ursului-din-predeal-asupra-sefului-salvamont-sa-impuscam-si-acei-ursi-in-creierii-muntilor-acei-ursi-care-poate-nu-sau-intalnit-cu-omul-niciodata-in-viata-lor_67ea6dcfffa30f4d347160bd\" target=\"_blank\">Ministrul Mediului, mesaj dup\u0103 atacul ursului din Predeal asupra \u0219efului Salvamont: \u201eS\u0103 \u00eempu\u015fc\u0103m \u015fi acei ur\u015fi \u00een creierii mun\u0163ilor, acei ur\u015fi care poate nu s-au \u00eent\u00e2lnit cu omul niciodat\u0103 \u00een via\u0163a lor\u201d<\/a>Mircea Fechet a subliniat c\u0103 s-a f\u0103cut totodat\u0103 o zonare na\u021bional\u0103 a managementului popula\u021biei de urs brun \u0219i s-a \u00eemp\u0103r\u021bit teritoriul Rom\u00e2niei \u00een patru categorii distincte.\u201dVom avea zone cheie pentru conservare acolo unde nu va exista niciun fel de interven\u021bie asupra popula\u021biei de urs brun. Vom avea zone de management al conflictelor sau zone de risc, zone de management durabil \u0219i zone marginale. Vor fi locuri unde ursul n-are ce c\u0103uta, la fel cum vor fi locuri unde ursul va fi l\u0103sat \u00een pace pentru c\u0103 va fi la el acas\u0103\u201d, a precizat ministrul Mediului.\u00cen acest context, ministerul urmeaz\u0103 s\u0103 finalizeze planul de monitorizare genetic\u0103 pe termen lung.\u201dVom aproba printr-un ordin de ministru, cel mai probabil, actul normativ p\u00e2n\u0103 la finalul acestui an \u00een leg\u0103tur\u0103 cu zonarea la care m-am referit mai devreme. \u00cens\u0103, concluzia mea este aceea c\u0103 acest studiu deschide o nou\u0103 etap\u0103 \u00een gestionarea popula\u021biei de urs brun \u0219i sper eu c\u0103 va reprezenta un echilibru \u00eentre conservare, pe de o parte, \u0219i siguran\u021ba cet\u0103\u021benilor, \u00eentre protec\u021bia biodiversit\u0103\u021bii \u0219i interesul comunit\u0103\u021bilor locale\u201d, a transmis Fechet.El a ad\u0103ugat c\u0103 Rom\u00e2nia are cea mai mare popula\u021bie de urs brun din Europa.\u201dSuntem campioni \u0219i \u00een leg\u0103tur\u0103 cu modul \u00een care evalu\u0103m toate aceste cifre, \u00eens\u0103 mai ales \u00een lumina acestui num\u0103r pe care poate c\u0103 mul\u021bi \u00eel b\u0103nuiau sunt multe localit\u0103\u021bi, sunt multe sta\u021biuni unde ur\u0219ii au devenit o prezen\u021b\u0103 aproape zilnic\u0103\u201d, a men\u021bionat oficialul.Drept urmare, sus\u021bine ministrul, autorit\u0103\u021bile sunt nevoite s\u0103 ia m\u0103suri de interven\u021bie.\u201dTo\u021bi colegii speciali\u0219ti spun c\u0103 efectivul optim pentru popula\u021bia de urs \u00een Rom\u00e2nia e undeva \u00een jurul cifrei de 4.000. Bine\u00een\u021beles c\u0103 nu ne apuc\u0103m s\u0103 lu\u0103m m\u0103suri \u00een sensul diminu\u0103rii peste noapte a popula\u021biei de urs brun. \u00cen continuare ne intereseaz\u0103 statutul de conservare al speciei, dar ne intereseaz\u0103 \u0219i mai mult dec\u00e2t at\u00e2t siguran\u021ba cet\u0103\u021benilor\u201d, a explicat ministrul Mediului.Acesta a precizat c\u0103 va propune modificarea ordonan\u021bei 81\/2021 privind aprobarea metodelor de interven\u021bie imediat\u0103 pentru prevenirea \u0219i combaterea atacurilor exemplarelor de urs brun asupra persoanelor \u0219i bunurilor acestora.\u201dPropunerea este ca \u00een intravilanul localit\u0103\u021bii s\u0103 elimin\u0103m interven\u021bia gradual\u0103. Ast\u0103zi, \u00eenainte de a lua o decizie care s\u0103 protejeze cu adev\u0103rat popula\u021bia, primarul este obligat mai \u00eent\u00e2i s\u0103 alunge ursul, dup\u0103 care s\u0103 \u00eencerce o relocare \u0219i abia apoi are dreptul, conform legii, s\u0103 \u00eempu\u0219te ursul respectiv sau s\u0103-l eutanasieze. Voi l\u0103sa libertate reprezentan\u021bilor autorit\u0103\u021bilor publice locale, primarilor, s\u0103 ia decizia pe care o apreciaz\u0103 c\u0103 ar fi corect\u0103 \u00een leg\u0103tur\u0103 cu situa\u021bia cu care se confrunt\u0103 din localitatea respectiv\u0103\u201d, a men\u021bionat Mircea Fechet.<\/p>\n<p><a title=\"Ursul care l-a ranit grav pe seful Salvamont Predeal, de negasit. Ciolacu vrea gard electric\" href=\"https:\/\/www.realitatea.net\/stiri\/actual\/ursul-care-la-ranit-grav-pe-seful-salvamont-predeal-de-negasit-ciolacu-vrea-gard-electric_67ea96417035f24a5c179845\">Ursul care l-a r\u0103nit grav pe \u0219eful Salvamont Predeal, de neg\u0103sit. Ciolacu vrea gard electric<\/a>\u00cen acela\u0219i timp, va fi simplificat \u0219i procesul birocratic \u00een acest sens.\u201d\u00cen 2025, putem lua decizii mai rapide folosindu-ne de telefoane, de grupuri pe whatsapp sau alte aplica\u021bii de comunica\u021bii, de SMS, de orice alt instrument care s\u0103 permit\u0103 luarea unei decizii rapide, eficiente, pentru c\u0103 via\u021ba omului are \u00eentotdeauna prioritate. Nimic nu poate fi mai important dec\u00e2t via\u021ba\u201d, a afirmat ministrul.Datele studiului prezentat au fost ob\u021binute pe baza rezultatelor analizelor probelor genetice, a diversit\u0103\u021bii genetice \u0219i a structurii popula\u021bionale a speciei de urs brun din \u021bara noastr\u0103. Au fost colectate 24.056 de probe la nivel de fonduri cinegetice \u0219i parcuri na\u021bionale. Fiecare urs este identificat printr-un profil genetic unic, ob\u021binut prin analizarea a 16 markeri ADN.Studiul a avut la baz\u0103 urm\u0103toarele informa\u021bii: rezultatele distribu\u021biei \u0219i analizelor probelor genetice de urs, colectate la nivel na\u021bional din perioada 2022 &#8211; 2025; rezultatele studiilor anterioare referitoare la conservarea \u0219i managementul speciei urs brun la nivel na\u021bional \u0219i regional; estim\u0103rile oficiale, la nivel de fonduri cinegetice (2002 &#8211; 2024); pagubele provocate de urs \u00een perioada 2017 &#8211; 2023; incidentele om-urs din perioada 2005 &#8211; 2024; apeluri 112 din perioada 2016 &#8211; 2024; loca\u021bii ale ur\u0219ilor monitoriza\u021bi cu sistem GPS; bonitarea fondurilor cinegetice; h\u0103r\u021bi \u0219i informa\u021bii referitoare la ariile naturale protejate; fondul forestier; zone agricole \u0219i alte zone cu vegeta\u021bie; intravilan \u0219i zone turistice etc.Bugetul total al proiectului este de 57,3 milioane de lei, iar perioada de implementare \u00een dou\u0103 etape: iulie 2021 &#8211; decembrie 2023 \u0219i ianuarie 2024 &#8211; decembrie 2025.<\/p>\n<p><a title=\"Ursoaica mama care l-a atacat pe seful Salvamont Predeal a fost IMPUSCATA. Cei 2 pui au fost relocati\" href=\"https:\/\/www.realitatea.net\/stiri\/actual\/ursoaica-mama-care-la-atacat-pe-seful-salvamont-predeal-a-fost-impuscata-cei-2-pui-au-fost-relocati_67eba0b844ea566c28025964\">Ursoaica mam\u0103 care l-a atacat pe \u0219eful Salvamont Predeal a fost \u00ceMPU\u0218CAT\u0102. Cei 2 pui au fost reloca\u0163i<\/a><\/p>","protected":false},"excerpt":{"rendered":"<p>Mircea Fechet a participat la o conferin\u021b\u0103 de pres\u0103 dedicat\u0103 prezent\u0103rii, \u00een premier\u0103, a rezultatelor&hellip;<\/p>\n","protected":false},"author":0,"featured_media":46514,"comment_status":"open","ping_status":"open","sticky":false,"template":"","format":"standard","meta":{"footnotes":""},"categories":[2],"tags":[],"class_list":["post-46513","post","type-post","status-publish","format-standard","has-post-thumbnail","hentry","category-actual"],"_links":{"self":[{"href":"https:\/\/247stiri.ro\/index.php\/wp-json\/wp\/v2\/posts\/46513","targetHints":{"allow":["GET"]}}],"collection":[{"href":"https:\/\/247stiri.ro\/index.php\/wp-json\/wp\/v2\/posts"}],"about":[{"href":"https:\/\/247stiri.ro\/index.php\/wp-json\/wp\/v2\/types\/post"}],"replies":[{"embeddable":true,"href":"https:\/\/247stiri.ro\/index.php\/wp-json\/wp\/v2\/comments?post=46513"}],"version-history":[{"count":0,"href":"https:\/\/247stiri.ro\/index.php\/wp-json\/wp\/v2\/posts\/46513\/revisions"}],"wp:featuredmedia":[{"embeddable":true,"href":"https:\/\/247stiri.ro\/index.php\/wp-json\/wp\/v2\/media\/46514"}],"wp:attachment":[{"href":"https:\/\/247stiri.ro\/index.php\/wp-json\/wp\/v2\/media?parent=46513"}],"wp:term":[{"taxonomy":"category","embeddable":true,"href":"https:\/\/247stiri.ro\/index.php\/wp-json\/wp\/v2\/categories?post=46513"},{"taxonomy":"post_tag","embeddable":true,"href":"https:\/\/247stiri.ro\/index.php\/wp-json\/wp\/v2\/tags?post=46513"}],"curies":[{"name":"wp","href":"https:\/\/api.w.org\/{rel}","templated":true}]}}