{"id":46545,"date":"2025-04-11T04:44:51","date_gmt":"2025-04-11T04:44:51","guid":{"rendered":"https:\/\/247stiri.ro\/index.php\/2025\/04\/11\/fost-ministru-declaratii-incendiare-ponta-nu-poate-fi-presedintele-romaniei-nu-respecta-legile\/"},"modified":"2025-04-11T04:44:51","modified_gmt":"2025-04-11T04:44:51","slug":"fost-ministru-declaratii-incendiare-ponta-nu-poate-fi-presedintele-romaniei-nu-respecta-legile","status":"publish","type":"post","link":"https:\/\/247stiri.ro\/index.php\/2025\/04\/11\/fost-ministru-declaratii-incendiare-ponta-nu-poate-fi-presedintele-romaniei-nu-respecta-legile\/","title":{"rendered":"Fost ministru, declara\u021bii incendiare: Ponta NU poate fi pre\u0219edintele Rom\u00e2niei, NU respect\u0103 LEGILE"},"content":{"rendered":"<p>Marcel Ion Vela, fost ministru de Interne: Modul \u00een care a fost luat\u0103, pe mine m\u0103 mir\u0103 pu\u021bin a\u0219a&#8230; \u00cen contextul respectiv, c\u00e2nd se spune c\u0103 s-a trecut peste decizia\u00a0respectivelor\u00a0institu\u021bii, structuri care puteau\u00a0recomand\u0103\u00a0o decizie mai bun\u0103 sau mai\u00a0pu\u021bin\u00a0bun\u0103, s-a hot\u0103r\u00e2t deschiderea barajului de la Por\u021bile de Fier.Nu\u00a0\u00een\u021beleg\u00a0\u0219i nu sunt de acord cu aceast\u0103 decizie. Nu as fi luat-o (decizia &#8211; n.r.). Cred c\u0103 ar trebui de aici s\u0103\u00a0\u00eenv\u0103\u021bam\u00a0c\u0103\u00a0fiecare\u00a0institu\u021bie\u00a0s\u0103-\u0219i fac\u0103\u00a0treaba\u00a0\u0219i niciun conduc\u0103tor de stat s\u0103 nu poat\u0103 lua decizii f\u0103r\u0103 a respecta toate normele legale. Cu siguran\u021b\u0103, consider c\u0103 domnul Ponta nu poate fi pre\u0219edintele Rom\u00e2niei.<\/p>","protected":false},"excerpt":{"rendered":"<p>Marcel Ion Vela, fost ministru de Interne: Modul \u00een care a fost luat\u0103, pe mine&hellip;<\/p>\n","protected":false},"author":0,"featured_media":46546,"comment_status":"open","ping_status":"open","sticky":false,"template":"","format":"standard","meta":{"footnotes":""},"categories":[3],"tags":[],"class_list":["post-46545","post","type-post","status-publish","format-standard","has-post-thumbnail","hentry","category-politica"],"_links":{"self":[{"href":"https:\/\/247stiri.ro\/index.php\/wp-json\/wp\/v2\/posts\/46545","targetHints":{"allow":["GET"]}}],"collection":[{"href":"https:\/\/247stiri.ro\/index.php\/wp-json\/wp\/v2\/posts"}],"about":[{"href":"https:\/\/247stiri.ro\/index.php\/wp-json\/wp\/v2\/types\/post"}],"replies":[{"embeddable":true,"href":"https:\/\/247stiri.ro\/index.php\/wp-json\/wp\/v2\/comments?post=46545"}],"version-history":[{"count":0,"href":"https:\/\/247stiri.ro\/index.php\/wp-json\/wp\/v2\/posts\/46545\/revisions"}],"wp:featuredmedia":[{"embeddable":true,"href":"https:\/\/247stiri.ro\/index.php\/wp-json\/wp\/v2\/media\/46546"}],"wp:attachment":[{"href":"https:\/\/247stiri.ro\/index.php\/wp-json\/wp\/v2\/media?parent=46545"}],"wp:term":[{"taxonomy":"category","embeddable":true,"href":"https:\/\/247stiri.ro\/index.php\/wp-json\/wp\/v2\/categories?post=46545"},{"taxonomy":"post_tag","embeddable":true,"href":"https:\/\/247stiri.ro\/index.php\/wp-json\/wp\/v2\/tags?post=46545"}],"curies":[{"name":"wp","href":"https:\/\/api.w.org\/{rel}","templated":true}]}}