{"id":46573,"date":"2025-04-11T06:44:51","date_gmt":"2025-04-11T06:44:51","guid":{"rendered":"https:\/\/247stiri.ro\/index.php\/2025\/04\/11\/scandal-urias-in-partidul-rezistilor-dupa-debarcarea-elenei-lasconi-un-lider-usr-acuza-vrea-sa-ia-partidul-pe-persoana-fizica\/"},"modified":"2025-04-11T06:44:51","modified_gmt":"2025-04-11T06:44:51","slug":"scandal-urias-in-partidul-rezistilor-dupa-debarcarea-elenei-lasconi-un-lider-usr-acuza-vrea-sa-ia-partidul-pe-persoana-fizica","status":"publish","type":"post","link":"https:\/\/247stiri.ro\/index.php\/2025\/04\/11\/scandal-urias-in-partidul-rezistilor-dupa-debarcarea-elenei-lasconi-un-lider-usr-acuza-vrea-sa-ia-partidul-pe-persoana-fizica\/","title":{"rendered":"Scandal uria\u0219 \u00een partidul rezi\u0219tilor, dup\u0103 debarcarea Elenei Lasconi. Un lider USR acuz\u0103: Vrea s\u0103 ia partidul pe persoan\u0103 fizic\u0103"},"content":{"rendered":"<p>Urmeaz\u0103 noi \u0219edin\u021be la USR, \u0219edin\u021be \u00een care liderii forma\u021biunii vor stabili ce vor face \u00een perioada urm\u0103toare. Una dintre acestea va avea loc chiar \u00een aceast\u0103 diminea\u021b\u0103.<\/p>\n<p>Liderii USR\u00a0 au anun\u021bat, joi sear\u0103, c\u0103 vor intra \u00eencep\u00e2nd de ast\u0103zi \u00een campanie pentru Nicu\u0219or Dan \u0219i urmeaz\u0103 inclusiv \u00eent\u00e2lniri cu edilul Capitalei \u0219i echipa sa de campanie pentru a pune la punct strategia.Joi sear\u0103, 75% dintre\u00a0membrii\u00a0prezen\u021bi la Comitetul Politic au votat pentru retragerea sprijinului politic Elenei\u00a0Lasconi\u00a0\u0219i pentru sus\u021binerea lui Nicu\u0219or Dan \u00een aceast\u0103 campanie.Vom vedea ce se va \u00eent\u00e2mpla \u00een perioada urm\u0103toare pentru c\u0103 au venit cu atacuri liderii USR. Ace\u0219tia spuneau c\u0103\u00a0Lasconi\u00a0\u021bine cu din\u021bii la aceast\u0103 curs\u0103 preziden\u021bial\u0103 \u0219i c\u0103 \u0219i-ar doi &#8222;s\u0103 ia partidul pe persoan\u0103 fizic\u0103&#8221; \u00een condi\u021biile \u00een care\u00a0Lasconi\u00a0i-a acuzat de tr\u0103dare \u0219i spunea c\u0103 este vorba despre o ga\u0219c\u0103 ce vrea s\u0103 preia partidul. \u0218efa\u00a0rezi\u0219tilor\u00a0afirma de asemenea c\u0103 va continua s\u0103 lupte \u00een perioada urm\u0103toare.Este de v\u0103zut \u0219i ce se va \u00eent\u00e2mpla cu fondurile alocate \u00een aceast\u0103 campanie pentru c\u0103 \u0219tim c\u0103 i-au t\u0103iat finan\u021barea Elenei\u00a0Lasconi. Aceasta nu poate folosi niciun ban f\u0103r\u0103 s\u0103 aib\u0103 aprobarea Biroului Na\u021bional.Pe de alt\u0103 parte, aceste fonduri nu pot fi transferate c\u0103tre campania lui Nicu\u0219or Dan. Cel mai probabil, spuneau liderii USR, vor vorbi cu oamenii \u0219i vor \u00eencerca s\u0103 atrag\u0103 \u00eemprumuturi pentru aceast\u0103 campanie.Situa\u021bia este, deci, extrem de tensionat\u0103 la nivelul partidului. Vorbim despre dou\u0103 tabere, pentru c\u0103 \u00een teritoriu sunt \u00een continuare primari care spun c\u0103 fac campanie pentru Elena\u00a0Lasconi.<\/p>","protected":false},"excerpt":{"rendered":"<p>Urmeaz\u0103 noi \u0219edin\u021be la USR, \u0219edin\u021be \u00een care liderii forma\u021biunii vor stabili ce vor face&hellip;<\/p>\n","protected":false},"author":0,"featured_media":46574,"comment_status":"open","ping_status":"open","sticky":false,"template":"","format":"standard","meta":{"footnotes":""},"categories":[3],"tags":[],"class_list":["post-46573","post","type-post","status-publish","format-standard","has-post-thumbnail","hentry","category-politica"],"_links":{"self":[{"href":"https:\/\/247stiri.ro\/index.php\/wp-json\/wp\/v2\/posts\/46573","targetHints":{"allow":["GET"]}}],"collection":[{"href":"https:\/\/247stiri.ro\/index.php\/wp-json\/wp\/v2\/posts"}],"about":[{"href":"https:\/\/247stiri.ro\/index.php\/wp-json\/wp\/v2\/types\/post"}],"replies":[{"embeddable":true,"href":"https:\/\/247stiri.ro\/index.php\/wp-json\/wp\/v2\/comments?post=46573"}],"version-history":[{"count":0,"href":"https:\/\/247stiri.ro\/index.php\/wp-json\/wp\/v2\/posts\/46573\/revisions"}],"wp:featuredmedia":[{"embeddable":true,"href":"https:\/\/247stiri.ro\/index.php\/wp-json\/wp\/v2\/media\/46574"}],"wp:attachment":[{"href":"https:\/\/247stiri.ro\/index.php\/wp-json\/wp\/v2\/media?parent=46573"}],"wp:term":[{"taxonomy":"category","embeddable":true,"href":"https:\/\/247stiri.ro\/index.php\/wp-json\/wp\/v2\/categories?post=46573"},{"taxonomy":"post_tag","embeddable":true,"href":"https:\/\/247stiri.ro\/index.php\/wp-json\/wp\/v2\/tags?post=46573"}],"curies":[{"name":"wp","href":"https:\/\/api.w.org\/{rel}","templated":true}]}}