{"id":46584,"date":"2025-04-11T07:44:53","date_gmt":"2025-04-11T07:44:53","guid":{"rendered":"https:\/\/247stiri.ro\/index.php\/2025\/04\/11\/ciolacu-atac-virulent-la-ponta-injura-si-vrea-sa-dea-jos-guvernul-din-care-a-facut-parte-greseala-pe-care-premierul-recunoaste-ca-a-facut-o\/"},"modified":"2025-04-11T07:44:53","modified_gmt":"2025-04-11T07:44:53","slug":"ciolacu-atac-virulent-la-ponta-injura-si-vrea-sa-dea-jos-guvernul-din-care-a-facut-parte-greseala-pe-care-premierul-recunoaste-ca-a-facut-o","status":"publish","type":"post","link":"https:\/\/247stiri.ro\/index.php\/2025\/04\/11\/ciolacu-atac-virulent-la-ponta-injura-si-vrea-sa-dea-jos-guvernul-din-care-a-facut-parte-greseala-pe-care-premierul-recunoaste-ca-a-facut-o\/","title":{"rendered":"Ciolacu, atac virulent la Ponta: \u00cenjur\u0103 \u0219i vrea s\u0103 dea jos guvernul din care a f\u0103cut parte. GRE\u0218EALA pe care premierul recunoa\u0219te c\u0103 a f\u0103cut-o"},"content":{"rendered":"<p>&#8222;Guvernarea PSD a fost cea mai bun\u0103 pentru domnul Ponta p\u00e2n\u0103 de cur\u00e2nd. Asta spunea \u0219i el, dar \u0219i oamenii care l-au crezut \u0219i l-au votat la parlamentare pe listele PSD.\u00a0Ast\u0103zi, Victor Ponta \u00eenjur\u0103 \u0219i vrea s\u0103 dea jos guvernul din care a f\u0103cut parte, la fel cum a procedat \u00een trecut \u0219i cu alte guverne PSD. Asta, dup\u0103 ce PSD l-a primit \u00eenapoi \u0219i i-a dat \u0219ansa s\u0103 candideze \u0219i s\u0103 ajung\u0103 deputat.\u00a0Zeci de colegi mi-au atras aten\u021bia \u00een ceea ce prive\u015fte caracterul s\u0103u, dar eu am crezut c\u0103 s-a schimbat \u0219i maturizat. Nicio \u0219ans\u0103! Rom\u00e2nii \u00eens\u0103 \u00eei v\u0103d acum, din nou, adev\u0103rata fa\u021b\u0103&#8221;, a transmis, vineri, Ciolacu, \u00eentr-un mesaj postat pe contul s\u0103u de Facebook.\u00a0<\/p>","protected":false},"excerpt":{"rendered":"<p>&#8222;Guvernarea PSD a fost cea mai bun\u0103 pentru domnul Ponta p\u00e2n\u0103 de cur\u00e2nd. Asta spunea&hellip;<\/p>\n","protected":false},"author":0,"featured_media":46585,"comment_status":"open","ping_status":"open","sticky":false,"template":"","format":"standard","meta":{"footnotes":""},"categories":[3],"tags":[],"class_list":["post-46584","post","type-post","status-publish","format-standard","has-post-thumbnail","hentry","category-politica"],"_links":{"self":[{"href":"https:\/\/247stiri.ro\/index.php\/wp-json\/wp\/v2\/posts\/46584","targetHints":{"allow":["GET"]}}],"collection":[{"href":"https:\/\/247stiri.ro\/index.php\/wp-json\/wp\/v2\/posts"}],"about":[{"href":"https:\/\/247stiri.ro\/index.php\/wp-json\/wp\/v2\/types\/post"}],"replies":[{"embeddable":true,"href":"https:\/\/247stiri.ro\/index.php\/wp-json\/wp\/v2\/comments?post=46584"}],"version-history":[{"count":0,"href":"https:\/\/247stiri.ro\/index.php\/wp-json\/wp\/v2\/posts\/46584\/revisions"}],"wp:featuredmedia":[{"embeddable":true,"href":"https:\/\/247stiri.ro\/index.php\/wp-json\/wp\/v2\/media\/46585"}],"wp:attachment":[{"href":"https:\/\/247stiri.ro\/index.php\/wp-json\/wp\/v2\/media?parent=46584"}],"wp:term":[{"taxonomy":"category","embeddable":true,"href":"https:\/\/247stiri.ro\/index.php\/wp-json\/wp\/v2\/categories?post=46584"},{"taxonomy":"post_tag","embeddable":true,"href":"https:\/\/247stiri.ro\/index.php\/wp-json\/wp\/v2\/tags?post=46584"}],"curies":[{"name":"wp","href":"https:\/\/api.w.org\/{rel}","templated":true}]}}