{"id":46613,"date":"2025-04-11T09:45:06","date_gmt":"2025-04-11T09:45:06","guid":{"rendered":"https:\/\/247stiri.ro\/index.php\/2025\/04\/11\/doina-pana-dupa-ce-ponta-a-pozat-in-salvatorul-belgradului-din-punctul-meu-de-vedere-nu-s-au-deschis-portile-de-fier-nu-inteleg-aceasta-declaratie-a-lui-ponta\/"},"modified":"2025-04-11T09:45:06","modified_gmt":"2025-04-11T09:45:06","slug":"doina-pana-dupa-ce-ponta-a-pozat-in-salvatorul-belgradului-din-punctul-meu-de-vedere-nu-s-au-deschis-portile-de-fier-nu-inteleg-aceasta-declaratie-a-lui-ponta","status":"publish","type":"post","link":"https:\/\/247stiri.ro\/index.php\/2025\/04\/11\/doina-pana-dupa-ce-ponta-a-pozat-in-salvatorul-belgradului-din-punctul-meu-de-vedere-nu-s-au-deschis-portile-de-fier-nu-inteleg-aceasta-declaratie-a-lui-ponta\/","title":{"rendered":"Doina Pan\u0103, dup\u0103 ce Ponta a \u201dpozat\u201d \u00een salvatorul Belgradului: \u201dDin punctul meu de vedere nu s-au deschis Por\u021bile de Fier. Nu \u00een\u021beleg aceast\u0103 declara\u021bie a lui Ponta\u201d"},"content":{"rendered":"<p>Vreau sa fac o men\u021biune din start. Exist\u0103 doua comitete de situa\u021bii de urgen\u021b\u0103, unul la nivelul Ministerului, unde intr\u0103 Apele, \u0219i celalalt e la nivelul Guvernului. La nivelul Ministerului are rolul de a aduna de la hidrologie \u0219i meteorologie datele, pentru c\u0103, pe l\u00e2ng\u0103 debite de la hidrologie trebuie s\u0103 \u0219tii \u0219i prognoza meteo cu c\u00e2t se mai adaug\u0103 din eventualele ploi \u0219i cu aceste date \u00eempreun\u0103 cu speciali\u0219tii mei participam la consola\u021biile de urgenta de la nivel de Guvern. Nu am avut un rol decizional acolo, deci nu era obligatoriu ca cineva s\u0103 m\u0103 informeze, dac\u0103 peste structurile romane\u0219ti a trecut domnul Ponta ca s\u0103 deschid\u0103 Por\u021bile de Fier, mi se pare imposibil s\u0103 nu fi aflat. Eu am aflat acum \u00eempreun\u0103 cu dumneavoastr\u0103.<\/p>\n<p>nu trebuia sa treaca peste functia mea, functia mea nu era de decizie in comitetul de situatii de urgenta la nivel national, guvernamental, era ministru de interne si adminstratie acolo, isu, care se ocupau efectiv. eu cu colegii mei veneam cu datele tehnice: ce debit are dunarea la ora asta, cat poate creste in functie de ce prognozsa meteo este in serbia, pentru ca am tinut legatura cu serbia si ungaria prin cele doua tari in amonte de romania, ca sa ne vedem cu ce ne trezim in portiunea bazias, deci la portile de fier. a fost o zi foarte tensionata si nu am sa o uit niciodata, pentru ca deja era un record 13200 m cubi pe secunda, dar nu erau 13800 incat sa se dechida Portile.<\/p>\n<p>ce precizez, ca de asta au existat si usoare inundatii in zona respectiva. la toate digurile mari exista si niste baraje mai mici, care preiau din impactul unei viituri. deci pentru a preintampina impactul viiturii uriase care urma sa apara astea au fost parte, deci niste baraje mici pe langa barajul mare, pentru ca prin constructie rolul era sa preia impactul unei viituri.<\/p>\n<p>de asta o usoara zona a fost inundata acolo. din punctul de vedere al specialisteilor, daca s-ar fi deschis portile de fier, zona de inundare ar fi fost mult mai mare.<\/p>\n<p>pe mine ma socheaza, vreau sa va spun ca am fost in 3 guverne ministru, in 2 cu dumnealui. la ape am fost cu dumnealui. ponta nu pozeaza in patriot, este patriot. de exemplu, in toate masurile de paduri pe care le-am luat am produs niste turbulente uriase si niste interventii uriase si ne-a tinut spatele la toate, eu nu pot sa uit chestia asta si nu pot sa le spun, dar cu atat mai mult eu nu inteleg aceasta declaratie a lui de acum legat de portile de fier.<\/p>\n<p>nu stiu daca minte, m-am gandit si eu in toate felurile daca e adevarat, desi digul se rupsese deja la belgrad, de la 13200 m cub am coborat la 11000 si ceva si nu mai era niciun pericol sa deschidem portile de fier. mai fac o mentiune aici, eu nu am inteles sarbii, de ce nu au incercat sa provoace niste inundatii controlate in amonte de belgrad, pentru ca si asta se intampla, faci niste brese in dig si deversezi apa pe niste terenuri arabile.<\/p>\n<p>din punctul meu de vedere, nu, nu s-au deschis portile de fier. eu nu am acut la cunostinta o informatie ca asta pana ieri cand am aflat din presa, din declaratiile lui. chiar ma depaseste subiectul, nu stiu de ce a facut aceste declaratii acum, asta numai dumnealui poate sa zica.<\/p>\n<p>mie nu trebuia sa imi ceara nimeni aprobarea, rolul meu era sa vin cu informatii hidro si meteo, acel comitet de situatii de urgenta trebuia sa ia hotararea care este solutia.<\/p>","protected":false},"excerpt":{"rendered":"<p>Vreau sa fac o men\u021biune din start. Exist\u0103 doua comitete de situa\u021bii de urgen\u021b\u0103, unul&hellip;<\/p>\n","protected":false},"author":0,"featured_media":46612,"comment_status":"open","ping_status":"open","sticky":false,"template":"","format":"standard","meta":{"footnotes":""},"categories":[2],"tags":[],"class_list":["post-46613","post","type-post","status-publish","format-standard","has-post-thumbnail","hentry","category-actual"],"_links":{"self":[{"href":"https:\/\/247stiri.ro\/index.php\/wp-json\/wp\/v2\/posts\/46613","targetHints":{"allow":["GET"]}}],"collection":[{"href":"https:\/\/247stiri.ro\/index.php\/wp-json\/wp\/v2\/posts"}],"about":[{"href":"https:\/\/247stiri.ro\/index.php\/wp-json\/wp\/v2\/types\/post"}],"replies":[{"embeddable":true,"href":"https:\/\/247stiri.ro\/index.php\/wp-json\/wp\/v2\/comments?post=46613"}],"version-history":[{"count":0,"href":"https:\/\/247stiri.ro\/index.php\/wp-json\/wp\/v2\/posts\/46613\/revisions"}],"wp:featuredmedia":[{"embeddable":true,"href":"https:\/\/247stiri.ro\/index.php\/wp-json\/wp\/v2\/media\/46612"}],"wp:attachment":[{"href":"https:\/\/247stiri.ro\/index.php\/wp-json\/wp\/v2\/media?parent=46613"}],"wp:term":[{"taxonomy":"category","embeddable":true,"href":"https:\/\/247stiri.ro\/index.php\/wp-json\/wp\/v2\/categories?post=46613"},{"taxonomy":"post_tag","embeddable":true,"href":"https:\/\/247stiri.ro\/index.php\/wp-json\/wp\/v2\/tags?post=46613"}],"curies":[{"name":"wp","href":"https:\/\/api.w.org\/{rel}","templated":true}]}}