{"id":46637,"date":"2025-04-11T11:45:32","date_gmt":"2025-04-11T11:45:32","guid":{"rendered":"https:\/\/247stiri.ro\/index.php\/2025\/04\/11\/val-de-plangeri-penale-la-parchet-dupa-autodenuntul-lui-victor-ponta-ce-sanse-sunt-ca-suveranistul-vopsit-sa-fie-tras-la-raspundere-pentru-faptele-sale\/"},"modified":"2025-04-11T11:45:32","modified_gmt":"2025-04-11T11:45:32","slug":"val-de-plangeri-penale-la-parchet-dupa-autodenuntul-lui-victor-ponta-ce-sanse-sunt-ca-suveranistul-vopsit-sa-fie-tras-la-raspundere-pentru-faptele-sale","status":"publish","type":"post","link":"https:\/\/247stiri.ro\/index.php\/2025\/04\/11\/val-de-plangeri-penale-la-parchet-dupa-autodenuntul-lui-victor-ponta-ce-sanse-sunt-ca-suveranistul-vopsit-sa-fie-tras-la-raspundere-pentru-faptele-sale\/","title":{"rendered":"Val de PL\u00c2NGERI PENALE la Parchet dup\u0103 autodenun\u021bul lui Victor Ponta! Ce \u0219anse sunt ca suveranistul vopsit s\u0103 fie tras la r\u0103spundere pentru faptele sale"},"content":{"rendered":"<p>Conform surselor citate de Realitatea PLUS, din momentul \u00een care Victor Ponta s-a autodenun\u021bat \u00een spa\u021biul public spun\u00e2nd c\u0103 a dat drumul la ape \u00een Rom\u00e2nia ca s\u0103 salveze Bergradul &#8211; provoc\u00e2nd, \u00eens\u0103, dezastru \u00een \u021bar\u0103 &#8211; au venit mai multe pl\u00e2ngeri penale \u00eempotriva acestuia.\u00a0<\/p>\n<p>Conform procedurii &#8211; tocmai pentru c\u0103 acuza\u021bia principal\u0103 reclamat\u0103 \u00een aceste pl\u00e2ngeri depuse la Parchetul General este cea de TR\u0102DARE NA\u021aIONAL\u0102 &#8211; ar trebui ca toate aceste investiga\u021bii s\u0103 se duc\u0103 la DIICOT \u0219i acolo s\u0103 se conexeze \u00eentr-un singur dosar penal. \u00cen acest fel, sunt \u0219anse mari s\u0103 \u00eel vedem pe Victor Ponta d\u00e2nd explica\u021bii \u00een fa\u021ba procurorilor pentru ceea ce a spus dar, mai ales, pentru ceea ce a f\u0103cut \u00een anul 2014.\u00a0<\/p>\n<p>Fiind o infrac\u021biune extrem de grav\u0103 care este imputat\u0103 \u00een acest caz, atunci nu are cum s\u0103 se fi prescris p\u00e2n\u0103 acum fapt, deci trebuie s\u0103 ofere anumite explica\u021bii anchetatorilor.\u00a0<\/p>","protected":false},"excerpt":{"rendered":"<p>Conform surselor citate de Realitatea PLUS, din momentul \u00een care Victor Ponta s-a autodenun\u021bat \u00een&hellip;<\/p>\n","protected":false},"author":0,"featured_media":46638,"comment_status":"open","ping_status":"open","sticky":false,"template":"","format":"standard","meta":{"footnotes":""},"categories":[3],"tags":[],"class_list":["post-46637","post","type-post","status-publish","format-standard","has-post-thumbnail","hentry","category-politica"],"_links":{"self":[{"href":"https:\/\/247stiri.ro\/index.php\/wp-json\/wp\/v2\/posts\/46637","targetHints":{"allow":["GET"]}}],"collection":[{"href":"https:\/\/247stiri.ro\/index.php\/wp-json\/wp\/v2\/posts"}],"about":[{"href":"https:\/\/247stiri.ro\/index.php\/wp-json\/wp\/v2\/types\/post"}],"replies":[{"embeddable":true,"href":"https:\/\/247stiri.ro\/index.php\/wp-json\/wp\/v2\/comments?post=46637"}],"version-history":[{"count":0,"href":"https:\/\/247stiri.ro\/index.php\/wp-json\/wp\/v2\/posts\/46637\/revisions"}],"wp:featuredmedia":[{"embeddable":true,"href":"https:\/\/247stiri.ro\/index.php\/wp-json\/wp\/v2\/media\/46638"}],"wp:attachment":[{"href":"https:\/\/247stiri.ro\/index.php\/wp-json\/wp\/v2\/media?parent=46637"}],"wp:term":[{"taxonomy":"category","embeddable":true,"href":"https:\/\/247stiri.ro\/index.php\/wp-json\/wp\/v2\/categories?post=46637"},{"taxonomy":"post_tag","embeddable":true,"href":"https:\/\/247stiri.ro\/index.php\/wp-json\/wp\/v2\/tags?post=46637"}],"curies":[{"name":"wp","href":"https:\/\/api.w.org\/{rel}","templated":true}]}}