{"id":46639,"date":"2025-04-11T11:45:33","date_gmt":"2025-04-11T11:45:33","guid":{"rendered":"https:\/\/247stiri.ro\/index.php\/2025\/04\/11\/crin-antonescu-mesaj-ferm-din-republica-moldova-rezultatul-alegerilor-de-la-bucuresti-nu-este-indiferent-pentru-chisinau\/"},"modified":"2025-04-11T11:45:33","modified_gmt":"2025-04-11T11:45:33","slug":"crin-antonescu-mesaj-ferm-din-republica-moldova-rezultatul-alegerilor-de-la-bucuresti-nu-este-indiferent-pentru-chisinau","status":"publish","type":"post","link":"https:\/\/247stiri.ro\/index.php\/2025\/04\/11\/crin-antonescu-mesaj-ferm-din-republica-moldova-rezultatul-alegerilor-de-la-bucuresti-nu-este-indiferent-pentru-chisinau\/","title":{"rendered":"Crin Antonescu, mesaj ferm din Republica Moldova: Rezultatul alegerilor de la Bucure\u015fti nu este indiferent pentru Chi\u015fin\u0103u"},"content":{"rendered":"<p>\u201dAvem alegeri care sunt cumva comune, cumva \u00eempreun\u0103. Noi am urm\u0103rit anul trecut, cu sufletul la gur\u0103, alegerile din Basarabia, din Republica Moldova, alegerile preziden\u0163iale. Ne-am bucurat pentru deznod\u0103m\u00e2ntul lor, am fericitat \u015fi pe domnul pre\u015fedinte \u015fi pe domnul ministru pentru faptul c\u0103 aici, actuala administra\u0163ie, doamna pre\u015fedinte, guvernul, majoritatea parlamentar\u0103, duc o lupt\u0103 dificil\u0103 \u015fi o duc cu curaj. \u00cen acest sens chiar spuneam c\u0103, din multe privin\u0163e, pute\u0163i fi un exemplu pentru noi, la Bucure\u015fti\u201d, a spus Antonescu vineri, \u00eentr-o conferin\u0163\u0103 de pres\u0103.<\/p>\n<p>\u201dNoi \u00eencheiem, sper, \u00een trei s\u0103pt\u0103m\u00e2ni, un an electoral care a \u00eenceput prin martie 2024, ni\u015fte alegeri preziden\u0163iale cu c\u00e2ntec, cum se spune, care nu s-au \u00eencheiat, cu turbulen\u0163e, cu probleme care cost\u0103 Rom\u00e2nia, prin provizorat (..) \u015fi sunt convins c\u0103 \u00eel vom \u00eencheia cu bine, c\u0103 \u00eel vom \u00eencheia cu un pre\u015fedinte care, \u00eempreun\u0103 cu o majoritate parlamentar\u0103 \u015fi cu un guvern, vor consolida, vor consfin\u0163i definitiv calitatea Rom\u00e2niei de \u0163ar\u0103 occidental\u0103, apar\u0163in\u00e2nd Uniunii Europene, apar\u0163in\u00e2nd sistemului de securitate NATO, apar\u0163in\u00e2nd valorilor c\u0103tre care \u015fi partenerii, colegii, fra\u0163ii no\u015ftri din Republica Moldova fac eforturi extraordinare \u015fi, repet, p\u00e2n\u0103 acum, spectaculos de reu\u015fite s\u0103 se \u00eendrepte\u201d, a ar\u0103tat candidatul Coali\u021biei la preziden\u021biale.<\/p>\n<p>El a men\u0163ionat, \u00een context, c\u0103 cele dou\u0103 state au acela\u015fi drum.<\/p>\n<p>\u201dDe aceea suntem aici \u00eempreun\u0103 \u015fi, cum domnul pre\u015fedinte spunea, dincolo de faptul c\u0103 un num\u0103r de cet\u0103\u0163eni ai Republicii Moldova au calitatea \u015fi de cet\u0103\u0163eni rom\u00e2ni \u015fi, deci, dreptul, \u015fansa de a exprima un vot pentru destinul Rom\u00e2niei, rezultatul alegerilor de la Bucure\u015fti nu este indiferent pentru dumneavoastr\u0103, la Chi\u015fin\u0103u. Un pre\u015fedinte pro-occidental, ferm, cu baz\u0103, cu stabilitate, cu o majoritate \u00een spate, este o garan\u0163ie c\u0103 rela\u0163ia dintre Chi\u015fin\u0103u \u015fi Bucure\u015fti va continua\u201d, a ar\u0103tat Antonescu.<\/p>\n<p>\u201dAst\u0103zi putem spune c\u0103 aceast\u0103 integrare a \u00eenceput deja, nu numai prin angajamente, prin proceduri diplomatice, ci prin lucruri care sunt concrete, prin lucruri care s-au petrecut de la infrastructur\u0103 rutier\u0103, la infrastructur\u0103 energetic\u0103, la rela\u0163ii care sunt doar \u00eenceputul a ceea ce eu, \u00een calitate de candidat la pre\u015fedin\u0163ia Rom\u00e2niei, v\u0103d a fi viitorul. O rela\u0163ie mult mai ampl\u0103, o rela\u0163ie economic\u0103, o rela\u0163ie comercial\u0103 care s\u0103 completeze tot ceea ce \u00een ace\u015fti ani s-a f\u0103cut din punct de vedere politic, din punct de vedere cultural, din toate celelalte lucruri care au f\u0103cut ca practic noi s\u0103 ne comport\u0103m a\u015fa cum este \u015fi realitatea, ca un singur popor \u00een dou\u0103 state\u201d, a mai spus Crin Antonescu.<\/p>\n<p>Antonescu a apreciat c\u0103 travers\u0103m \u015fi o perioad\u0103 \u00een rela\u0163iile interna\u0163ionale complicat\u0103, care nu ne poate l\u0103sa pe pilot automat.<\/p>\n<p>\u201dTrebuie s\u0103 facem eforturi s\u0103 redinamiz\u0103m rela\u0163iile transatlantice, s\u0103 redinamiz\u0103m garan\u0163iile \u00een ceea ce prive\u015fte NATO, s\u0103 facem pe to\u0163i partenerii no\u015ftri \u00een Uniunea European\u0103 \u015fi dac\u0103 se poate \u00een Statele Unite, s\u0103 \u00een\u0163elegem c\u0103 securitatea Moldovei ca \u015fi securitatea Ucrainei sunt securitatea noastr\u0103\u201d, a ar\u0103tat Antonescu.<\/p>\n<p>\u201dGlumeam la \u00eent\u00e2lnirea pe care domnul pre\u015fedinte a avut bun\u0103voin\u0163a \u015fi prietenia s\u0103 mi-o acorde la Parlament. \u00centrebam c\u00e2nd ar fi planul optimist pentru ca Republica Moldova s\u0103 fie membru al Uniunii Europeane cu drepturi de pline, cu acte \u00een regul\u0103 \u015fi vorbeam de 2029 \u015fi atunci m-am g\u00e2ndit \u015fi eu c\u0103, dac\u0103 voi primi \u00eencrederea rom\u00e2nilor pentru mandatul de pre\u015fedinte, voi avea bucuria ca \u00een timpul mandatului meu s\u0103 celebr\u0103m cu to\u0163ii aceast\u0103 mare reu\u015fit\u0103 pentru statele noastre \u015fi pentru genera\u0163iile politice, care \u00een aceste decenii au muncit\u201d, a conchis acesta.<\/p>","protected":false},"excerpt":{"rendered":"<p>\u201dAvem alegeri care sunt cumva comune, cumva \u00eempreun\u0103. Noi am urm\u0103rit anul trecut, cu sufletul&hellip;<\/p>\n","protected":false},"author":0,"featured_media":46640,"comment_status":"open","ping_status":"open","sticky":false,"template":"","format":"standard","meta":{"footnotes":""},"categories":[3],"tags":[],"class_list":["post-46639","post","type-post","status-publish","format-standard","has-post-thumbnail","hentry","category-politica"],"_links":{"self":[{"href":"https:\/\/247stiri.ro\/index.php\/wp-json\/wp\/v2\/posts\/46639","targetHints":{"allow":["GET"]}}],"collection":[{"href":"https:\/\/247stiri.ro\/index.php\/wp-json\/wp\/v2\/posts"}],"about":[{"href":"https:\/\/247stiri.ro\/index.php\/wp-json\/wp\/v2\/types\/post"}],"replies":[{"embeddable":true,"href":"https:\/\/247stiri.ro\/index.php\/wp-json\/wp\/v2\/comments?post=46639"}],"version-history":[{"count":0,"href":"https:\/\/247stiri.ro\/index.php\/wp-json\/wp\/v2\/posts\/46639\/revisions"}],"wp:featuredmedia":[{"embeddable":true,"href":"https:\/\/247stiri.ro\/index.php\/wp-json\/wp\/v2\/media\/46640"}],"wp:attachment":[{"href":"https:\/\/247stiri.ro\/index.php\/wp-json\/wp\/v2\/media?parent=46639"}],"wp:term":[{"taxonomy":"category","embeddable":true,"href":"https:\/\/247stiri.ro\/index.php\/wp-json\/wp\/v2\/categories?post=46639"},{"taxonomy":"post_tag","embeddable":true,"href":"https:\/\/247stiri.ro\/index.php\/wp-json\/wp\/v2\/tags?post=46639"}],"curies":[{"name":"wp","href":"https:\/\/api.w.org\/{rel}","templated":true}]}}