{"id":46652,"date":"2025-04-11T12:44:52","date_gmt":"2025-04-11T12:44:52","guid":{"rendered":"https:\/\/247stiri.ro\/index.php\/2025\/04\/11\/mircea-fechet-dupa-ce-ponta-a-declarat-ca-a-inundat-satele-romanesti-pentru-a-salva-belgradul-cine-si-vinde-tara-o-data-o-va-vinde-si-a-doua-oara-nicio-urgenta-nu-ti-cere-sa-ti-vinzi-tara-in-oric\/"},"modified":"2025-04-11T12:44:52","modified_gmt":"2025-04-11T12:44:52","slug":"mircea-fechet-dupa-ce-ponta-a-declarat-ca-a-inundat-satele-romanesti-pentru-a-salva-belgradul-cine-si-vinde-tara-o-data-o-va-vinde-si-a-doua-oara-nicio-urgenta-nu-ti-cere-sa-ti-vinzi-tara-in-oric","status":"publish","type":"post","link":"https:\/\/247stiri.ro\/index.php\/2025\/04\/11\/mircea-fechet-dupa-ce-ponta-a-declarat-ca-a-inundat-satele-romanesti-pentru-a-salva-belgradul-cine-si-vinde-tara-o-data-o-va-vinde-si-a-doua-oara-nicio-urgenta-nu-ti-cere-sa-ti-vinzi-tara-in-oric\/","title":{"rendered":"Mircea Fechet, dup\u0103 ce Ponta a declarat c\u0103 a inundat satele rom\u00e2ne\u0219ti pentru a salva Belgradul: Cine-\u015fi vinde \u0163ara o dat\u0103, o va vinde \u015fi a doua oar\u0103. Nicio urgen\u0163\u0103 nu-\u0163i cere s\u0103-\u0163i vinzi \u0163ara, \u00een orice func\u0163ie ai fi"},"content":{"rendered":"<p>\u201e\u015etiu ce \u00eenseamn\u0103 s\u0103 iei decizii \u00een momente critice. Ca ministru, am fost pus \u00een situa\u0163ii limit\u0103, \u00een care decizia de a crea bre\u015fe \u00een diguri, pentru a salva vie\u0163ile oamenilor, trebuia luat\u0103 rapid, \u00eempreun\u0103 cu Comitetul ministerial pentru situa\u0163ii de urgen\u0163\u0103. E o decizie bine chibzuit\u0103, pe care se pronun\u0163\u0103 speciali\u015ftii, la propunerea unui comitet jude\u0163ean pentru situa\u0163ii de urgen\u0163\u0103, iar \u00een cazul pe care l-am tr\u0103it, \u00een miez de noapte, era vorba despre inunda\u0163ii de tip fulger, \u00een urma unor precipita\u0163ii cu valori istorice, de peste 200 l\/mp\u201d, afirm\u0103 Mircea Fechet pe o re\u0163ea de socializare.Potrivit ministrului Mediului, Apelor \u015fi P\u0103durilor, \u201ec\u00e2nd pericolul p\u00e2nde\u015fte, sub orice form\u0103 ar veni el\u201d, singura op\u0163iune este \u201es\u0103 salvezi vie\u0163i \u015fi bunuri\u201d c\u00e2t mai repede, pentru c\u0103 fiecare secund\u0103 poate face \u201ediferen\u0163a dintre via\u0163\u0103 \u015fi moarte\u201d, iar apoi \u201es\u0103 comunici sincer, imediat\u201d.\u201e\u00cen ce m\u0103 prive\u015fte, am pus \u015fi voi pune \u00eentotdeauna via\u0163a oamenilor \u015fi interesul na\u0163ional pe primul loc \u00een orice decizie. \u015ei nu pentru c\u0103 am jurat s\u0103 fac acest lucru, ci pentru c\u0103 a fi om \u00eenseamn\u0103 s\u0103 \u015fi r\u0103m\u00e2i om \u00een orice \u00eemprejurare. S\u0103 aju\u0163i, nu s\u0103 distrugi. S\u0103 \u00eentinzi o m\u00e2n\u0103 de ajutor pentru rom\u00e2ni, nu s\u0103 \u00eei dobori. Niciun scenariu de urgen\u0163\u0103, oric\u00e2t de grave ar fi lucrurile, nu-\u0163i cere s\u0103-\u0163i vinzi \u0163ara. \u00cen orice func\u0163ie ai fi. Pentru c\u0103 interesul na\u0163ional nu e de v\u00e2nzare!\u201d, afirm\u0103 Fechet.Ministrul Mediului se declar\u0103 convins c\u0103 rom\u00e2nii care \u00ee\u015fi iubesc \u0163ara nu o vor tr\u0103da niciodat\u0103 \u015fi nu o vor da \u201epe m\u00e2na unor tr\u0103d\u0103tori\u201d.\u201e\u00cen ceea ce \u00eel prive\u015fte pe Victor Ponta, se aplic\u0103 vorba rom\u00e2neasc\u0103: cine-\u015fi vinde \u0163ara o dat\u0103, o va vinde \u015fi a doua oar\u0103&#8230; dac\u0103 nu a f\u0103cut-o deja\u201d, \u00eencheie Mircea Fechet.<\/p>","protected":false},"excerpt":{"rendered":"<p>\u201e\u015etiu ce \u00eenseamn\u0103 s\u0103 iei decizii \u00een momente critice. Ca ministru, am fost pus \u00een&hellip;<\/p>\n","protected":false},"author":0,"featured_media":46649,"comment_status":"open","ping_status":"open","sticky":false,"template":"","format":"standard","meta":{"footnotes":""},"categories":[2],"tags":[],"class_list":["post-46652","post","type-post","status-publish","format-standard","has-post-thumbnail","hentry","category-actual"],"_links":{"self":[{"href":"https:\/\/247stiri.ro\/index.php\/wp-json\/wp\/v2\/posts\/46652","targetHints":{"allow":["GET"]}}],"collection":[{"href":"https:\/\/247stiri.ro\/index.php\/wp-json\/wp\/v2\/posts"}],"about":[{"href":"https:\/\/247stiri.ro\/index.php\/wp-json\/wp\/v2\/types\/post"}],"replies":[{"embeddable":true,"href":"https:\/\/247stiri.ro\/index.php\/wp-json\/wp\/v2\/comments?post=46652"}],"version-history":[{"count":0,"href":"https:\/\/247stiri.ro\/index.php\/wp-json\/wp\/v2\/posts\/46652\/revisions"}],"wp:featuredmedia":[{"embeddable":true,"href":"https:\/\/247stiri.ro\/index.php\/wp-json\/wp\/v2\/media\/46649"}],"wp:attachment":[{"href":"https:\/\/247stiri.ro\/index.php\/wp-json\/wp\/v2\/media?parent=46652"}],"wp:term":[{"taxonomy":"category","embeddable":true,"href":"https:\/\/247stiri.ro\/index.php\/wp-json\/wp\/v2\/categories?post=46652"},{"taxonomy":"post_tag","embeddable":true,"href":"https:\/\/247stiri.ro\/index.php\/wp-json\/wp\/v2\/tags?post=46652"}],"curies":[{"name":"wp","href":"https:\/\/api.w.org\/{rel}","templated":true}]}}