{"id":46694,"date":"2025-04-11T15:44:52","date_gmt":"2025-04-11T15:44:52","guid":{"rendered":"https:\/\/247stiri.ro\/index.php\/2025\/04\/11\/fostul-presedinte-brazilian-jair-bolsonaro-a-fost-spitalizat-de-urgenta\/"},"modified":"2025-04-11T15:44:52","modified_gmt":"2025-04-11T15:44:52","slug":"fostul-presedinte-brazilian-jair-bolsonaro-a-fost-spitalizat-de-urgenta","status":"publish","type":"post","link":"https:\/\/247stiri.ro\/index.php\/2025\/04\/11\/fostul-presedinte-brazilian-jair-bolsonaro-a-fost-spitalizat-de-urgenta\/","title":{"rendered":"Fostul pre\u0219edinte brazilian, Jair Bolsonaro, a fost spitalizat de urgen\u021b\u0103"},"content":{"rendered":"<p>El a fost internat vineri \u00eentr-un spital din Santa Cruz, un ora\u0219 mic din statul Rio Grande do Norte, \u00een nord-estul \u021b\u0103rii. Senatorul Flavio Bolsonaro, unul dintre fiii s\u0103i, a declarat c\u0103 va fi transferat la un spital din capitala statului.<\/p>\n<p>Durerea a fost legat\u0103 de efectele pe termen lung ale unei \u00eenjunghieri \u00een abdomen pe care a suferit-o \u00een septembrie 2018, a declarat biroul de pres\u0103 al Partidului Liberal, citat de <a href=\"https:\/\/abcnews.go.com\/International\/wireStory\/brazils-former-president-bolsonaro-hospitalized-abdominal-pain-120716496\" target=\"_blank\">ABC News<\/a>.<\/p>\n<p>Bolsonaro urma s\u0103 \u00eenceap\u0103 un turneu prin regiunea de nord-est pentru a promova agenda de dreapta a partidului s\u0103u, av\u00e2nd \u00een vedere alegerile preziden\u021biale de anul viitor, de\u0219i el nu are voie s\u0103 candideze. Regiunea a fost \u00een mod tradi\u021bional un bastion politic al pre\u0219edintelui Luiz In\u00e1cio Lula da Silva.<\/p>\n<p>\u00cen martie, un complet de judec\u0103tori ai Cur\u021bii Supreme a Braziliei a admis acuza\u021biile \u00eempotriva lui Bolsonaro pentru o presupus\u0103 tentativ\u0103 de a r\u0103m\u00e2ne \u00een func\u021bie dup\u0103 \u00eenfr\u00e2ngerea sa electoral\u0103 din 2022 \u0219i a ordonat ca acesta s\u0103 fie trimis \u00een judecat\u0103.<\/p>\n<p>Fostului pre\u0219edinte i-a fost interzis s\u0103 candideze p\u00e2n\u0103 \u00een 2030 de c\u0103tre instan\u021ba electoral\u0103 din Brazilia, pentru c\u0103 a formulat acuza\u021bii nefondate conform c\u0103rora ma\u0219inile de vot au fost trucate.<\/p>\n<p><a title=\"Neymar a anuntat cand se va retrage de la nationala Braziliei\" href=\"https:\/\/www.realitatea.net\/stiri\/actual\/neymar-a-anuntat-cand-se-va-retrage-de-la-nationala-braziliei_677ee5e231830c6485342552\">Neymar a anun\u021bat c\u00e2nd se va retrage de la na\u021bionala Braziliei<\/a><\/p>\n<p>Fostul pre\u0219edinte al Braziliei a \u0219ocat lumea cu declara\u021biile sale<\/p>\n<p>Jair Bolsonaro, supranumit \u201eDonald Trump \u00een variant\u0103 tropical\u0103\u201d, a \u00eemp\u0103r\u021bit cea mai mare \u021bar\u0103 din\u00a0America Latin\u0103 \u00een dou\u0103 prin declara\u021biile sale controversate.<\/p>\n<p>Bolsonaro a declarat c\u0103 a avea o fiic\u0103 este o \u201esl\u0103biciune\u201d, ad\u0103ug\u00e2nd c\u0103 nu ar trata femeile \u0219i b\u0103rba\u021bii \u00een mod egal la locul de munc\u0103 \u0219i nu le-ar oferi acela\u0219i salariu.<\/p>\n<p>\u00a0\u201ePentru c\u0103 femeile au mai multe drepturi la locul de munc\u0103 dec\u00e2t b\u0103rba\u021bii, adic\u0103 primesc concediu de maternitate, astfel c\u0103 angajatorul prefer\u0103 s\u0103 angajeze b\u0103rba\u021bi \u2026 Nu a\u0219 angaja femei. Dar exist\u0103 o mul\u021bime de femei competente.\u201d<\/p>\n<p>\u00cen 2014, \u00eei spunea unei colege din Parlament:\u00a0\u201eNu te-a\u0219 viola pentru c\u0103 nu meri\u021bi.\u201d<\/p>\n<p>\u00cen 2013, el a spus c\u0103 ar prefera ca fiul s\u0103u \u201es\u0103 fie dependent de droguri dec\u00e2t gay\u201d, ad\u0103ug\u00e2nd c\u0103 c\u0103 \u201eeste m\u00e2ndru c\u0103 e homofob\u201d.<\/p>\n<p>\u00cen iunie 2011, el spunea c\u0103 ar prefera ca \u201efiul s\u0103u s\u0103 moar\u0103 \u00eentr-un accident de ma\u0219in\u0103 dec\u00e2t s\u0103 fie gay\u201d, ad\u0103ug\u00e2nd:<\/p>\n<p>\u201eDac\u0103 un cuplu gay ar veni s\u0103 locuiasc\u0103 \u00een \u00een care stau, apartamentul meu ar pierde din valoare. Dac\u0103 se plimbe \u021bin\u00e2ndu-se de m\u00e2n\u0103, s\u0103rut\u00e2ndu-se, va pierde din valoare! Nimeni nu spune asta de team\u0103 c\u0103 va fi considerat homofob.\u201d<\/p>\n<p>\u00cen aprilie 2017, Bolsonaro a vorbit despre vizitarea comunit\u0103\u021bilor afro-braziliene tradi\u021bionale. El a descris greutatea locuitorilor folosind cuv\u00e2ntul \u201earrobas\u201d, o unitate de m\u0103sur\u0103 folosit\u0103 \u00een trecut folosit\u0103 pentru a c\u00e2nt\u0103ri bovine \u0219i produse agricole.<\/p>\n<p>\u201eCea mai u\u0219oar\u0103 dintre ele c\u00e2nt\u0103rea \u0219apte \u201earrobas\u201d. Nu fac nimic, nu sunt bune nici m\u0103car pentru procreare.\u201d<\/p>\n<p><a title=\"Presedintele Braziliei crede ca disputa dintre Trump si Zelenski a fost o \" href=\"https:\/\/www.realitatea.net\/stiri\/actual\/presedintele-braziliei-crede-ca-disputa-dintre-trump-si-zelenski-a-fost-o-scena-grotesca_67c3f2357bfc0806f574bf82\">Pre\u0219edintele Braziliei crede c\u0103 disputa dintre Trump \u0219i Zelenski a fost o &#8222;scen\u0103 grotesc\u0103&#8221;<\/a><\/p>","protected":false},"excerpt":{"rendered":"<p>El a fost internat vineri \u00eentr-un spital din Santa Cruz, un ora\u0219 mic din statul&hellip;<\/p>\n","protected":false},"author":0,"featured_media":46687,"comment_status":"open","ping_status":"open","sticky":false,"template":"","format":"standard","meta":{"footnotes":""},"categories":[2],"tags":[],"class_list":["post-46694","post","type-post","status-publish","format-standard","has-post-thumbnail","hentry","category-actual"],"_links":{"self":[{"href":"https:\/\/247stiri.ro\/index.php\/wp-json\/wp\/v2\/posts\/46694","targetHints":{"allow":["GET"]}}],"collection":[{"href":"https:\/\/247stiri.ro\/index.php\/wp-json\/wp\/v2\/posts"}],"about":[{"href":"https:\/\/247stiri.ro\/index.php\/wp-json\/wp\/v2\/types\/post"}],"replies":[{"embeddable":true,"href":"https:\/\/247stiri.ro\/index.php\/wp-json\/wp\/v2\/comments?post=46694"}],"version-history":[{"count":0,"href":"https:\/\/247stiri.ro\/index.php\/wp-json\/wp\/v2\/posts\/46694\/revisions"}],"wp:featuredmedia":[{"embeddable":true,"href":"https:\/\/247stiri.ro\/index.php\/wp-json\/wp\/v2\/media\/46687"}],"wp:attachment":[{"href":"https:\/\/247stiri.ro\/index.php\/wp-json\/wp\/v2\/media?parent=46694"}],"wp:term":[{"taxonomy":"category","embeddable":true,"href":"https:\/\/247stiri.ro\/index.php\/wp-json\/wp\/v2\/categories?post=46694"},{"taxonomy":"post_tag","embeddable":true,"href":"https:\/\/247stiri.ro\/index.php\/wp-json\/wp\/v2\/tags?post=46694"}],"curies":[{"name":"wp","href":"https:\/\/api.w.org\/{rel}","templated":true}]}}