{"id":46700,"date":"2025-04-11T16:45:08","date_gmt":"2025-04-11T16:45:08","guid":{"rendered":"https:\/\/247stiri.ro\/index.php\/2025\/04\/11\/trei-politisti-din-calarasi-acuzati-ca-au-agresat-un-adolescent-dintr-un-centru-de-plasament-procurorii-au-deschis-dosar-penal\/"},"modified":"2025-04-11T16:45:08","modified_gmt":"2025-04-11T16:45:08","slug":"trei-politisti-din-calarasi-acuzati-ca-au-agresat-un-adolescent-dintr-un-centru-de-plasament-procurorii-au-deschis-dosar-penal","status":"publish","type":"post","link":"https:\/\/247stiri.ro\/index.php\/2025\/04\/11\/trei-politisti-din-calarasi-acuzati-ca-au-agresat-un-adolescent-dintr-un-centru-de-plasament-procurorii-au-deschis-dosar-penal\/","title":{"rendered":"Trei poli\u021bi\u0219ti din C\u0103l\u0103ra\u0219i, acuza\u021bi c\u0103 au agresat un adolescent dintr-un centru de plasament. Procurorii au deschis dosar penal"},"content":{"rendered":"<p>Cum s-a \u00eent\u00e2mplat incidentul?<\/p>\n<p>Potrivit Parchetului de pe l\u00e2ng\u0103 Judec\u0103toria C\u0103l\u0103ra\u0219i, anchetatorii au dispus \u00eenceperea urm\u0103ririi penale fa\u021b\u0103 de agentul Marius Radef, acuzat c\u0103 l-a lovit pe adolescent, precum \u0219i fa\u021b\u0103 de colegii s\u0103i Nicu\u0219or-Lauren\u021biu Chivu \u0219i Sebastian-Cosmin Reu\u021b, cerceta\u021bi pentru complicitate.<\/p>\n<p><a href=\"https:\/\/www.realitatea.net\/stiri\/actual\/minor-bagat-in-spital-de-un-sofer-care-la-lovit-pe-trecerea-de-pietoni-conducatorul-a-fugit-de-la-locul-accidentului_63e25aab677d1c6ebc216ef5\" target=\"_blank\">Faptele s-au petrecut<\/a> pe 30 martie 2025, \u00een timpul unei interven\u021bii a poli\u021biei la Centrul de Primire \u00een Regim de Urgen\u021b\u0103 \u201eSf. Maria\u201d din C\u0103l\u0103ra\u0219i. Potrivit procurorilor, minorul \u00een v\u00e2rst\u0103 de 15 ani ar fi avut un comportament agitat \u0219i provocator, folosind un limbaj jignitor \u0219i amenin\u021b\u0103ri la adresa agen\u021bilor de ordine.<\/p>\n<p>\u00cen acest context, poli\u021bistul Marius Radef este acuzat c\u0103 l-ar fi lovit pe t\u00e2n\u0103r \u00een zona fe\u021bei \u0219i a trunchiului, \u00een timp ce ceilal\u021bi doi agen\u021bi ar fi asistat f\u0103r\u0103 a interveni. Conform raportului medico-legal, adolescentul a suferit leziuni ce au necesitat 2-3 zile de \u00eengrijiri medicale.<\/p>\n<p>Reac\u021bia autorit\u0103\u021bilor<\/p>\n<p>Deocamdat\u0103, nu a fost emis\u0103 nicio pozi\u021bie oficial\u0103 din partea Inspectoratului de Poli\u021bie Jude\u021bean C\u0103l\u0103ra\u0219i cu privire la eventuala suspendare din func\u021bie a celor trei agen\u021bi sau la m\u0103surile disciplinare care ar putea fi aplicate. Ancheta este \u00een desf\u0103\u0219urare, iar autorit\u0103\u021bile sus\u021bin c\u0103 vor analiza cu aten\u021bie toate probele, inclusiv imaginile de supraveghere \u0219i declara\u021biile martorilor.<\/p>\n<p>\u00a0De\u0219i comportamentul provocator al adolescentului este confirmat de procurori, legea interzice folosirea excesiv\u0103 a for\u021bei \u00eempotriva minorilor, iar institu\u021biile de protec\u021bie a copilului cer investiga\u021bii riguroase.<\/p>\n<p><a href=\"https:\/\/www.realitatea.net\/stiri\/ultimele-stiri\/minor-lovit-pe-trecerea-de-pietoni--pe-b-dul-bratianu_5dcc9226406af85273d35ea1\" target=\"_blank\">Investiga\u021bia continu\u0103<\/a>, iar dosarul va ajunge \u00een fa\u021ba instan\u021bei dup\u0103 finalizarea tuturor procedurilor.\u00a0<\/p>","protected":false},"excerpt":{"rendered":"<p>Cum s-a \u00eent\u00e2mplat incidentul? Potrivit Parchetului de pe l\u00e2ng\u0103 Judec\u0103toria C\u0103l\u0103ra\u0219i, anchetatorii au dispus \u00eenceperea&hellip;<\/p>\n","protected":false},"author":0,"featured_media":46701,"comment_status":"open","ping_status":"open","sticky":false,"template":"","format":"standard","meta":{"footnotes":""},"categories":[2],"tags":[],"class_list":["post-46700","post","type-post","status-publish","format-standard","has-post-thumbnail","hentry","category-actual"],"_links":{"self":[{"href":"https:\/\/247stiri.ro\/index.php\/wp-json\/wp\/v2\/posts\/46700","targetHints":{"allow":["GET"]}}],"collection":[{"href":"https:\/\/247stiri.ro\/index.php\/wp-json\/wp\/v2\/posts"}],"about":[{"href":"https:\/\/247stiri.ro\/index.php\/wp-json\/wp\/v2\/types\/post"}],"replies":[{"embeddable":true,"href":"https:\/\/247stiri.ro\/index.php\/wp-json\/wp\/v2\/comments?post=46700"}],"version-history":[{"count":0,"href":"https:\/\/247stiri.ro\/index.php\/wp-json\/wp\/v2\/posts\/46700\/revisions"}],"wp:featuredmedia":[{"embeddable":true,"href":"https:\/\/247stiri.ro\/index.php\/wp-json\/wp\/v2\/media\/46701"}],"wp:attachment":[{"href":"https:\/\/247stiri.ro\/index.php\/wp-json\/wp\/v2\/media?parent=46700"}],"wp:term":[{"taxonomy":"category","embeddable":true,"href":"https:\/\/247stiri.ro\/index.php\/wp-json\/wp\/v2\/categories?post=46700"},{"taxonomy":"post_tag","embeddable":true,"href":"https:\/\/247stiri.ro\/index.php\/wp-json\/wp\/v2\/tags?post=46700"}],"curies":[{"name":"wp","href":"https:\/\/api.w.org\/{rel}","templated":true}]}}