{"id":46728,"date":"2025-04-11T19:45:50","date_gmt":"2025-04-11T19:45:50","guid":{"rendered":"https:\/\/247stiri.ro\/index.php\/2025\/04\/11\/o-tanara-nevazatoare-respinsa-pentru-un-post-dedicat-dizabilitatilor-in-senat-in-locul-ei-a-fost-numit-un-candidat-cu-sprijin-politic\/"},"modified":"2025-04-11T19:45:50","modified_gmt":"2025-04-11T19:45:50","slug":"o-tanara-nevazatoare-respinsa-pentru-un-post-dedicat-dizabilitatilor-in-senat-in-locul-ei-a-fost-numit-un-candidat-cu-sprijin-politic","status":"publish","type":"post","link":"https:\/\/247stiri.ro\/index.php\/2025\/04\/11\/o-tanara-nevazatoare-respinsa-pentru-un-post-dedicat-dizabilitatilor-in-senat-in-locul-ei-a-fost-numit-un-candidat-cu-sprijin-politic\/","title":{"rendered":"O t\u00e2n\u0103r\u0103 nev\u0103z\u0103toare, respins\u0103 pentru un post dedicat dizabilit\u0103\u021bilor \u00een Senat. \u00cen locul ei, a fost numit un candidat cu sprijin politic"},"content":{"rendered":"<p>De\u0219i a ob\u021binut cel mai mare punctaj \u00een cadrul concursului, postul a fost atribuit unui candidat f\u0103r\u0103 dizabilit\u0103\u021bi, dar cu sus\u021binere politic\u0103.<\/p>\n<p>Cea mai bun\u0103 la evaluare, dar respins\u0103<\/p>\n<p>Postul viza ocuparea unui loc \u00een cadrul unei institu\u021bii subordonate Senatului, av\u00e2nd rolul de a reprezenta \u0219i proteja drepturile persoanelor cu dizabilit\u0103\u021bi. Petra Pintelei, nev\u0103z\u0103toare \u0219i activist\u0103 cu o voce respectat\u0103 \u00een domeniu, a fost evaluat\u0103 de Comisia pentru Drepturile Omului \u0219i Egalitatea de \u0218anse, unde a ob\u021binut cel mai mare punctaj dintre cei patru candida\u021bi. Dintre ace\u0219tia, trei erau <a href=\"https:\/\/www.realitatea.net\/stiri\/actual\/marea-recalculare-pensii-mai-mici-cu-aproape-80-pentru-o-categorie-speciala-nevazatorii-ameninta-cu-protestele_66c798051e9d1f2e7e068ace\" target=\"_blank\">persoane cu dizabilit\u0103\u021bi.<\/a><\/p>\n<p>Cu toate acestea, votul final din plen a ignorat rezultatele concursului \u0219i a \u00eenclinat balan\u021ba \u00een favoarea unui candidat f\u0103r\u0103 dizabilit\u0103\u021bi, dar cu conexiuni politice evidente. \u00cen opinia Petrei, decizia a fost una profund nedreapt\u0103 \u0219i reflect\u0103 o realitate dureroas\u0103: meritul \u0219i competen\u021ba sunt adesea eclipsate de interesele politice.<\/p>\n<p>\u201eEgalitatea de \u0219anse a fost doar o iluzie\u201d<\/p>\n<p>\u00centr-un mesaj publicat pe re\u021belele de socializare, Petra a vorbit despre experien\u021ba sa, descriind procesul ca fiind unul \u201epur formal\u201d, menit doar s\u0103 mimeze transparen\u021ba \u0219i egalitatea de \u0219anse. Ea sus\u021bine c\u0103 votul final a fost decis \u00een culise, \u00een favoarea \u201epersoanei potrivite\u201d, \u0219i c\u0103 \u00eentreaga procedur\u0103 a fost viciat\u0103 de influen\u021be politice.<\/p>\n<p>\u00a0 \u00a0 \u201eNu cer mil\u0103. Cer echitate. Cer ca preg\u0103tirea \u0219i experien\u021ba s\u0103 conteze mai mult dec\u00e2t apartenen\u021ba politic\u0103. Noi, persoanele cu dizabilit\u0103\u021bi, avem dreptul s\u0103 fim parte din deciziile care ne afecteaz\u0103 direct, nu doar s\u0103 fim figurativi \u00een decor\u201d, a transmis Petra Pintelei.<\/p>\n<p>Petra Iuliana Pintelei este una dintre cele mai vizibile \u0219i respectate activiste din Rom\u00e2nia \u00een domeniul drepturilor persoanelor cu dizabilit\u0103\u021bi. Nev\u0103z\u0103toare din na\u0219tere, ea \u0219i-a folosit vocea \u0219i experien\u021ba pentru a aduce \u00een prim-plan problemele reale ale comunit\u0103\u021bii din care face parte, fiind deseori un exemplu de implicare civic\u0103 \u0219i perseveren\u021b\u0103.<\/p>\n<p><a href=\"https:\/\/www.realitatea.net\/stiri\/extern\/o-nevazatoare-din-thailanda-condamnata-la-inchisoare-pentru-o-postare-pe-facebook_5dcc9261406af85273d6b571\" target=\"_blank\">Aceast\u0103 experien\u021b\u0103<\/a> nu o descurajeaz\u0103, ci o motiveaz\u0103 s\u0103 vorbeasc\u0103 \u0219i mai ap\u0103sat despre lipsa real\u0103 de oportunit\u0103\u021bi pentru persoanele cu dizabilit\u0103\u021bi \u00een structurile statului.<\/p>\n<p>\u00a0 \u00a0 \u201eC\u00e2t timp ne vom mai preface c\u0103 sus\u021binem incluziunea, dar vom \u00eenchide u\u0219ile exact atunci c\u00e2nd persoanele cu dizabilit\u0103\u021bi vor s\u0103 participe activ la schimbare?\u201d, \u00eentreab\u0103 ea, retoric, \u00eentr-o postare devenit\u0103 viral\u0103.<\/p>\n<p>Cazul Petrei Pintelei aduce din nou \u00een discu\u021bie modul \u00een care sunt ocupate posturile \u00een institu\u021biile publice \u0219i \u00een ce m\u0103sur\u0103 concursurile de angajare sunt, \u00een realitate, corecte \u0219i transparente.\u00a0<\/p>","protected":false},"excerpt":{"rendered":"<p>De\u0219i a ob\u021binut cel mai mare punctaj \u00een cadrul concursului, postul a fost atribuit unui&hellip;<\/p>\n","protected":false},"author":0,"featured_media":46729,"comment_status":"open","ping_status":"open","sticky":false,"template":"","format":"standard","meta":{"footnotes":""},"categories":[2],"tags":[],"class_list":["post-46728","post","type-post","status-publish","format-standard","has-post-thumbnail","hentry","category-actual"],"_links":{"self":[{"href":"https:\/\/247stiri.ro\/index.php\/wp-json\/wp\/v2\/posts\/46728","targetHints":{"allow":["GET"]}}],"collection":[{"href":"https:\/\/247stiri.ro\/index.php\/wp-json\/wp\/v2\/posts"}],"about":[{"href":"https:\/\/247stiri.ro\/index.php\/wp-json\/wp\/v2\/types\/post"}],"replies":[{"embeddable":true,"href":"https:\/\/247stiri.ro\/index.php\/wp-json\/wp\/v2\/comments?post=46728"}],"version-history":[{"count":0,"href":"https:\/\/247stiri.ro\/index.php\/wp-json\/wp\/v2\/posts\/46728\/revisions"}],"wp:featuredmedia":[{"embeddable":true,"href":"https:\/\/247stiri.ro\/index.php\/wp-json\/wp\/v2\/media\/46729"}],"wp:attachment":[{"href":"https:\/\/247stiri.ro\/index.php\/wp-json\/wp\/v2\/media?parent=46728"}],"wp:term":[{"taxonomy":"category","embeddable":true,"href":"https:\/\/247stiri.ro\/index.php\/wp-json\/wp\/v2\/categories?post=46728"},{"taxonomy":"post_tag","embeddable":true,"href":"https:\/\/247stiri.ro\/index.php\/wp-json\/wp\/v2\/tags?post=46728"}],"curies":[{"name":"wp","href":"https:\/\/api.w.org\/{rel}","templated":true}]}}