{"id":46730,"date":"2025-04-11T19:45:51","date_gmt":"2025-04-11T19:45:51","guid":{"rendered":"https:\/\/247stiri.ro\/index.php\/2025\/04\/11\/ministrul-finantelor-anunta-vremuri-austere-pentru-bugetari-cheltuielile-de-functionare-ale-statului-trebuie-reduse\/"},"modified":"2025-04-11T19:45:51","modified_gmt":"2025-04-11T19:45:51","slug":"ministrul-finantelor-anunta-vremuri-austere-pentru-bugetari-cheltuielile-de-functionare-ale-statului-trebuie-reduse","status":"publish","type":"post","link":"https:\/\/247stiri.ro\/index.php\/2025\/04\/11\/ministrul-finantelor-anunta-vremuri-austere-pentru-bugetari-cheltuielile-de-functionare-ale-statului-trebuie-reduse\/","title":{"rendered":"Ministrul Finan\u021belor anun\u021b\u0103 vremuri austere pentru bugetari. \u201eCheltuielile de func\u0163ionare ale statului trebuie reduse\u201d"},"content":{"rendered":"<p>Tanczos Barna a explicat c\u0103 primele luni ale anului au fost marcate de efectele major\u0103rilor salariale implementate anul trecut \u0219i de angaj\u0103rile realizate spre finalul anului trecut, care s-au reflectat par\u021bial \u00een cheltuielile din luna ianuarie. Cu toate acestea, ministrul a asigurat c\u0103 lucrurile \u00eencep s\u0103 se stabilizeze \u0219i s\u0103 se \u00eendrepte spre o curb\u0103 de reducere a cheltuielilor.<\/p>\n<p>\u201dCe este foarte important este c\u0103 aceste cheltuieli de func\u0163ionare ale statului trebuie reduse. \u00cen primele luni, practic am avut efectele major\u0103rilor salariale de anul trecut, am avut angaj\u0103rile din lunile octombrie, noiembrie, decembrie care s-au dus partial \u015fi pe luna ianuarie, proceduri \u00eencepute, de angajare. Luclurile \u00eencep s\u0103 intre pe o curb\u0103 constant\u0103 \u015fi pe o curb\u0103 de reduceri\u201d, a spus ministrul Finan\u0163elor \u00eentr-o interven\u0163ie tv.<\/p>\n<p>Tanczos Barna a accentuat importan\u021ba concentr\u0103rii pe investi\u021bii, \u00een special \u00een contextul actual, unde condi\u021biile externe se dovedesc a fi defavorabile. El a men\u021bionat c\u0103 resursele din Planul Na\u021bional de Redresare \u0219i Rezilien\u021b\u0103 (PNRR) ar trebui s\u0103 devin\u0103 un pilon central \u00een strategia de dezvoltare a \u021b\u0103rii.<\/p>\n<p><a title=\"O fosta inculpata a fost numita secretar general la Finante. Femeia, acuzata ca ar fi primit spaga o masina si o geanta de fite\" href=\"https:\/\/www.realitatea.net\/stiri\/actual\/o-fosta-inculpata-a-fost-numita-secretar-general-la-finante-femeia-acuzata-ca-ar-fi-primit-spaga-o-masina-si-o-geanta-de-fite_67efbed11bdde930d11f0672\">O fost\u0103 inculpat\u0103 a fost numit\u0103 secretar general la Finan\u021be. Femeia, acuzat\u0103 c\u0103 ar fi primit \u0219pag\u0103 o ma\u0219in\u0103 \u0219i o geant\u0103 de fi\u021be<\/a><\/p>\n<p>\u201dMai departe, s\u0103 ne focus\u0103m pe investi\u0163ii, acele investi\u0163ii care mai ales \u00een aceste momente \u00een care situa\u0163ia extern\u0103 e defavorabil\u0103, trebuie s\u0103 ne baz\u0103m pe resursele noastre din PNRR. (..) \u0162ara nu va suferi, dac\u0103 fiecare institu\u0163ie public\u0103 \u00ee\u015fi va respecta angajamentul. Vom avea noi grij\u0103 ca niciun minister s\u0103 nu ias\u0103 din calcule\u201d, a precizat oficialul de la Finan\u021be.<\/p>\n<p>Ministrul Finan\u021belor a avertizat c\u0103, \u00een cazul \u00een care m\u0103surile de reducere a cheltuielilor nu sunt respectate, s-ar putea ajunge la t\u0103ieri drastice, inclusiv \u00een domenii esen\u021biale pentru func\u021bionarea statului.<\/p>\n<p>\u00a0\u201dDac\u0103 m\u0103surile nu sunt respectate, da, vom ajunge la momente \u00een care t\u0103iem cheltuielile \u015fi se poate ajunge la t\u0103ieri \u00een carne vie dac\u0103 institu\u0163iile nu o fac de bun\u0103voie&#8221;, a mai spus ministrul de Finan\u0163e.<\/p>\n<p>El a subliniat c\u0103 nu vor fi majorate impozitele \u00een acest an, oferind astfel o oarecare stabilitate contribuabililor.<\/p>\n<p>&#8222;Mai avem 3 \u2013 4 luni ca s\u0103 ar\u0103t\u0103m c\u0103 reducerea de cheltuieli e posibil\u0103, altfel va trebui s\u0103 impunem reducerea cheltuielilor \u00een mod mai drastic&#8221;, a men\u0163ionat Tanczos Barna.<\/p>\n<p><a title=\"Ministrul Finantelor a prezentat planul de contraatac al Romaniei in razboiul taxelor pornit de Trump \" href=\"https:\/\/www.realitatea.net\/stiri\/actual\/ministrul-finantelor-a-prezentat-planul-de-contraatac-al-romaniei-in-razboiul-taxelor-pornit-de-trump_67efaf902dc7d62792512e32\">Ministrul Finan\u021belor a prezentat planul de contraatac al Rom\u00e2niei \u00een r\u0103zboiul taxelor pornit de Trump<\/a><\/p>","protected":false},"excerpt":{"rendered":"<p>Tanczos Barna a explicat c\u0103 primele luni ale anului au fost marcate de efectele major\u0103rilor&hellip;<\/p>\n","protected":false},"author":0,"featured_media":46731,"comment_status":"open","ping_status":"open","sticky":false,"template":"","format":"standard","meta":{"footnotes":""},"categories":[2],"tags":[],"class_list":["post-46730","post","type-post","status-publish","format-standard","has-post-thumbnail","hentry","category-actual"],"_links":{"self":[{"href":"https:\/\/247stiri.ro\/index.php\/wp-json\/wp\/v2\/posts\/46730","targetHints":{"allow":["GET"]}}],"collection":[{"href":"https:\/\/247stiri.ro\/index.php\/wp-json\/wp\/v2\/posts"}],"about":[{"href":"https:\/\/247stiri.ro\/index.php\/wp-json\/wp\/v2\/types\/post"}],"replies":[{"embeddable":true,"href":"https:\/\/247stiri.ro\/index.php\/wp-json\/wp\/v2\/comments?post=46730"}],"version-history":[{"count":0,"href":"https:\/\/247stiri.ro\/index.php\/wp-json\/wp\/v2\/posts\/46730\/revisions"}],"wp:featuredmedia":[{"embeddable":true,"href":"https:\/\/247stiri.ro\/index.php\/wp-json\/wp\/v2\/media\/46731"}],"wp:attachment":[{"href":"https:\/\/247stiri.ro\/index.php\/wp-json\/wp\/v2\/media?parent=46730"}],"wp:term":[{"taxonomy":"category","embeddable":true,"href":"https:\/\/247stiri.ro\/index.php\/wp-json\/wp\/v2\/categories?post=46730"},{"taxonomy":"post_tag","embeddable":true,"href":"https:\/\/247stiri.ro\/index.php\/wp-json\/wp\/v2\/tags?post=46730"}],"curies":[{"name":"wp","href":"https:\/\/api.w.org\/{rel}","templated":true}]}}