{"id":46732,"date":"2025-04-11T19:45:52","date_gmt":"2025-04-11T19:45:52","guid":{"rendered":"https:\/\/247stiri.ro\/index.php\/2025\/04\/11\/ministerul-educatiei-anunta-sapte-noi-discipline-optionale-in-oferta-nationala-de-studiu\/"},"modified":"2025-04-11T19:45:52","modified_gmt":"2025-04-11T19:45:52","slug":"ministerul-educatiei-anunta-sapte-noi-discipline-optionale-in-oferta-nationala-de-studiu","status":"publish","type":"post","link":"https:\/\/247stiri.ro\/index.php\/2025\/04\/11\/ministerul-educatiei-anunta-sapte-noi-discipline-optionale-in-oferta-nationala-de-studiu\/","title":{"rendered":"Ministerul Educa\u021biei anun\u021b\u0103 \u0219apte noi discipline op\u021bionale \u00een oferta na\u021bional\u0103 de studiu"},"content":{"rendered":"<p>Ordinul privind aprobarea unor programe \u0219colare pentru discipline op\u021bionale din oferta na\u021bional\u0103, parte a curriculumului la decizia elevului din oferta \u0219colii, prevede includerea urm\u0103toarelor discipline:* &#8216;Educa\u021bie nutri\u021bional\u0103&#8217;, pentru clasa preg\u0103titoare, clasele I \u0219i a II-a, \u00eenv\u0103\u021b\u0103m\u00e2ntul primar* &#8216;Educa\u021bie prin minibaschet&#8217; \u0219i &#8216;Minihandbal &#8211; mi\u0219care, joc \u0219i fairplay&#8217;, clasele a III-a \u0219i a IV-a, \u00eenv\u0103\u021b\u0103m\u00e2ntul primar* &#8216;Armonie \u0219i expresie corporal\u0103&#8217;, clasele a V-a &#8211; a VIII-a, \u00eenv\u0103\u021b\u0103m\u00e2ntul gimnazial* &#8216;Viitorii olimpioni&#8217;, clasa a IV-a, \u00eenv\u0103\u021b\u0103m\u00e2ntul primar* &#8216;Muzic\u0103 \u0219i dans&#8217;, clasele a V-a \u0219i a VI-a, \u00eenv\u0103\u021b\u0103m\u00e2ntul gimnazial* &#8216;Aventura cunoa\u0219terii Universului&#8217;, clasa a V-a \u0219i a VII-a, \u00eenv\u0103\u021b\u0103m\u00e2nt gimnazial.Programele pentru aceste discipline au fost aprobate \u0219i publicate \u00een Monitorul Oficial.\u00a0<\/p>\n<p><a title=\"Vacanta de Paste 2025: Cand incepe, cate zile libere vor avea elevii si cand vor fi reluate cursurile\" href=\"https:\/\/www.realitatea.net\/stiri\/actual\/vacanta-de-paste-2025-cand-incepe-cate-zile-libere-vor-avea-elevii-si-cand-vor-fi-reluate-cursurile_67e64a42f7ae3075a74ac992\">Vacan\u021ba de Pa\u0219te 2025: C\u00e2nd \u00eencepe, c\u00e2te zile libere vor avea elevii \u0219i c\u00e2nd vor fi reluate cursurile<\/a><\/p>","protected":false},"excerpt":{"rendered":"<p>Ordinul privind aprobarea unor programe \u0219colare pentru discipline op\u021bionale din oferta na\u021bional\u0103, parte a curriculumului&hellip;<\/p>\n","protected":false},"author":0,"featured_media":46733,"comment_status":"open","ping_status":"open","sticky":false,"template":"","format":"standard","meta":{"footnotes":""},"categories":[2],"tags":[],"class_list":["post-46732","post","type-post","status-publish","format-standard","has-post-thumbnail","hentry","category-actual"],"_links":{"self":[{"href":"https:\/\/247stiri.ro\/index.php\/wp-json\/wp\/v2\/posts\/46732","targetHints":{"allow":["GET"]}}],"collection":[{"href":"https:\/\/247stiri.ro\/index.php\/wp-json\/wp\/v2\/posts"}],"about":[{"href":"https:\/\/247stiri.ro\/index.php\/wp-json\/wp\/v2\/types\/post"}],"replies":[{"embeddable":true,"href":"https:\/\/247stiri.ro\/index.php\/wp-json\/wp\/v2\/comments?post=46732"}],"version-history":[{"count":0,"href":"https:\/\/247stiri.ro\/index.php\/wp-json\/wp\/v2\/posts\/46732\/revisions"}],"wp:featuredmedia":[{"embeddable":true,"href":"https:\/\/247stiri.ro\/index.php\/wp-json\/wp\/v2\/media\/46733"}],"wp:attachment":[{"href":"https:\/\/247stiri.ro\/index.php\/wp-json\/wp\/v2\/media?parent=46732"}],"wp:term":[{"taxonomy":"category","embeddable":true,"href":"https:\/\/247stiri.ro\/index.php\/wp-json\/wp\/v2\/categories?post=46732"},{"taxonomy":"post_tag","embeddable":true,"href":"https:\/\/247stiri.ro\/index.php\/wp-json\/wp\/v2\/tags?post=46732"}],"curies":[{"name":"wp","href":"https:\/\/api.w.org\/{rel}","templated":true}]}}