{"id":46734,"date":"2025-04-11T20:45:07","date_gmt":"2025-04-11T20:45:07","guid":{"rendered":"https:\/\/247stiri.ro\/index.php\/2025\/04\/11\/ioana-tufaru-insarcinata-la-48-de-ani-nu-ma-simt-pregatita-dar-poate-e-o-minune-trimisa-de-sus\/"},"modified":"2025-04-11T20:45:07","modified_gmt":"2025-04-11T20:45:07","slug":"ioana-tufaru-insarcinata-la-48-de-ani-nu-ma-simt-pregatita-dar-poate-e-o-minune-trimisa-de-sus","status":"publish","type":"post","link":"https:\/\/247stiri.ro\/index.php\/2025\/04\/11\/ioana-tufaru-insarcinata-la-48-de-ani-nu-ma-simt-pregatita-dar-poate-e-o-minune-trimisa-de-sus\/","title":{"rendered":"Ioana Tufaru, \u00eens\u0103rcinat\u0103 la 48 de ani: \u201eNu m\u0103 simt preg\u0103tit\u0103, dar poate e o minune trimis\u0103 de sus\u201d"},"content":{"rendered":"<p>Vestea a venit pe nea\u0219teptate, iar Ioana recunoa\u0219te c\u0103 se confrunt\u0103 cu o avalan\u0219\u0103 de emo\u021bii \u2013 de la bucurie \u0219i speran\u021b\u0103, la team\u0103 \u0219i incertitudine.<\/p>\n<p>Sarcina nea\u0219teptat\u0103 care a luat-o prin surprindere<\/p>\n<p>\u201eNu m\u0103 simt preg\u0103tit\u0103 pentru \u00eenc\u0103 un copil, abia fac fa\u021b\u0103 cu Luca\u201d, a m\u0103rturisit Ioana \u00eentr-o interven\u021bie sincer\u0103 \u00een cadrul emisiunii Online Story by Cornelia Ionescu. De\u0219i nu pl\u0103nuia o nou\u0103 sarcin\u0103, testul de sarcin\u0103 pozitiv \u0219i confirmarea medicului au adus cu ele o realitate nou\u0103 \u0219i complex\u0103.<\/p>\n<p>\u201eAm crezut ini\u021bial c\u0103 e vorba de instalarea menopauzei, dar testul a ar\u0103tat altceva. Dou\u0103 liniu\u021be. A\u0219a a vrut Dumnezeu\u201d, spune Ioana cu emo\u021bie.<\/p>\n<p>\u00cen prezent, sarcina se afl\u0103 \u00een jurul celei de-a treia luni, iar Ioana urmeaz\u0103 s\u0103 revin\u0103 la medic pentru investiga\u021bii suplimentare imediat dup\u0103 Pa\u0219te.<\/p>\n<p>G\u00e2nduri \u00eentre bucurie \u0219i \u00eengrijorare<\/p>\n<p>De\u0219i vestea ar putea p\u0103rea una fericit\u0103, viitoarea mam\u0103 nu ascunde faptul c\u0103 este \u00eengrijorat\u0103. V\u00e2rsta \u00eenaintat\u0103, problemele de s\u0103n\u0103tate \u0219i provoc\u0103rile unei sarcini t\u00e2rzii sunt motive reale de team\u0103 pentru ea.<\/p>\n<p>\u00a0 \u00a0 \u201eMi-e team\u0103 c\u0103 poate nu voi putea duce sarcina p\u00e2n\u0103 la cap\u0103t. Nu mai iau nici medicamente pentru dureri, de c\u00e2nd am aflat. M\u0103 protejez cum pot.\u201d<\/p>\n<p>\u00cen plus, \u0219i situa\u021bia partenerului de via\u021b\u0103, Ionu\u021b, care are 58 de ani, adaug\u0103 o not\u0103 de nesiguran\u021b\u0103 \u00een ecua\u021bia viitorului.<\/p>\n<p>Ioana a mai dezv\u0103luit c\u0103 fiul ei, Luca, care urmeaz\u0103 s\u0103 \u00eemplineasc\u0103 10 ani, nu a fost \u00eenc\u0103 informat despre faptul c\u0103 va avea un fr\u0103\u021bior sau o surioar\u0103. \u201eTrebuie s\u0103-l preg\u0103tesc. Cred c\u0103 s-ar bucura, \u00eemi spune des c\u0103 \u00ee\u0219i dore\u0219te un frate sau o sor\u0103.\u201d<\/p>\n<p>\u00cen ciuda provoc\u0103rilor, Ioana \u00eencearc\u0103 s\u0103 g\u0103seasc\u0103 echilibrul \u00eentre ce simte \u0219i ce urmeaz\u0103. \u201e\u00cen sufletul meu e o lupt\u0103. E \u0219i bucurie, dar \u0219i team\u0103. Sper s\u0103 pot duce totul p\u00e2n\u0103 la cap\u0103t\u201d, a spus ea cu sinceritate.<\/p>\n<p>\u00a0<\/p>","protected":false},"excerpt":{"rendered":"<p>Vestea a venit pe nea\u0219teptate, iar Ioana recunoa\u0219te c\u0103 se confrunt\u0103 cu o avalan\u0219\u0103 de&hellip;<\/p>\n","protected":false},"author":0,"featured_media":46735,"comment_status":"open","ping_status":"open","sticky":false,"template":"","format":"standard","meta":{"footnotes":""},"categories":[8],"tags":[],"class_list":["post-46734","post","type-post","status-publish","format-standard","has-post-thumbnail","hentry","category-lifestyle"],"_links":{"self":[{"href":"https:\/\/247stiri.ro\/index.php\/wp-json\/wp\/v2\/posts\/46734","targetHints":{"allow":["GET"]}}],"collection":[{"href":"https:\/\/247stiri.ro\/index.php\/wp-json\/wp\/v2\/posts"}],"about":[{"href":"https:\/\/247stiri.ro\/index.php\/wp-json\/wp\/v2\/types\/post"}],"replies":[{"embeddable":true,"href":"https:\/\/247stiri.ro\/index.php\/wp-json\/wp\/v2\/comments?post=46734"}],"version-history":[{"count":0,"href":"https:\/\/247stiri.ro\/index.php\/wp-json\/wp\/v2\/posts\/46734\/revisions"}],"wp:featuredmedia":[{"embeddable":true,"href":"https:\/\/247stiri.ro\/index.php\/wp-json\/wp\/v2\/media\/46735"}],"wp:attachment":[{"href":"https:\/\/247stiri.ro\/index.php\/wp-json\/wp\/v2\/media?parent=46734"}],"wp:term":[{"taxonomy":"category","embeddable":true,"href":"https:\/\/247stiri.ro\/index.php\/wp-json\/wp\/v2\/categories?post=46734"},{"taxonomy":"post_tag","embeddable":true,"href":"https:\/\/247stiri.ro\/index.php\/wp-json\/wp\/v2\/tags?post=46734"}],"curies":[{"name":"wp","href":"https:\/\/api.w.org\/{rel}","templated":true}]}}