{"id":46746,"date":"2025-04-11T20:45:13","date_gmt":"2025-04-11T20:45:13","guid":{"rendered":"https:\/\/247stiri.ro\/index.php\/2025\/04\/11\/rares-bogdan-dezvaluie-adevarul-ingrijorator-din-spatele-cenzurii-impotriva-lui-ion-cristoiu-jos-labele-de-pe-libertatea-de-exprimare\/"},"modified":"2025-04-11T20:45:13","modified_gmt":"2025-04-11T20:45:13","slug":"rares-bogdan-dezvaluie-adevarul-ingrijorator-din-spatele-cenzurii-impotriva-lui-ion-cristoiu-jos-labele-de-pe-libertatea-de-exprimare","status":"publish","type":"post","link":"https:\/\/247stiri.ro\/index.php\/2025\/04\/11\/rares-bogdan-dezvaluie-adevarul-ingrijorator-din-spatele-cenzurii-impotriva-lui-ion-cristoiu-jos-labele-de-pe-libertatea-de-exprimare\/","title":{"rendered":"Rare\u0219 Bogdan dezv\u0103luie adev\u0103rul \u00eengrijor\u0103tor din spatele cenzurii \u00eempotriva lui Ion Cristoiu. \u201eJos labele de pe libertatea de exprimare!!\u201d"},"content":{"rendered":"<p>Europarlamentarul rom\u00e2n a subliniat c\u0103 vremurile \u00een care tr\u0103im sunt complicate \u0219i periculoase pentru democra\u021bie. Acesta \u0219i-a exprimat revolta fa\u021b\u0103 de decizia platformei TikTok de a suspenda contul lui Cristoiu, chiar dac\u0103, de-a lungul colabor\u0103rii lor, au avut adesea puncte de vedere diferite. Aceast\u0103 diversitate de opinii este, de fapt, esen\u021ba dezbaterii democratice.<\/p>\n<p>Rare\u0219 Bogdan a descris pe Ion Cristoiu ca pe un \u201etitan al presei\u201d rom\u00e2ne\u0219ti, un om care a redefinit jurnalismul de investiga\u021bie \u0219i a fost un far de verticalitate \u00een peisajul mediatic post-1989. Cristoiu a fost un critic al corup\u021biei \u0219i al lipsurilor din sistemul politic rom\u00e2nesc, av\u00e2nd curajul de a-\u0219i exprima opiniile f\u0103r\u0103 fric\u0103. \u00cenchiderea contului s\u0103u pe TikTok, care aduna sute de mii de urm\u0103ritori \u0219i milioane de aprecieri, a fost interpretat\u0103 de Bogdan ca o tentativ\u0103 de a reduce la t\u0103cere voci disidente.<\/p>\n<p>Europarlamentarul a subliniat c\u0103 astfel de ac\u021biuni de cenzur\u0103 nu sunt doar d\u0103un\u0103toare pentru individ, ci \u0219i pentru societate \u00een ansamblu. \u00cen opinia sa, limitarea libert\u0103\u021bii de exprimare poate avea consecin\u021be devastatoare, iar istoria ne-a demonstrat c\u0103 nimeni nu este \u00een siguran\u021b\u0103 atunci c\u00e2nd cenzura \u00eencepe s\u0103 se instaleze.<\/p>\n<p>\u201eJos labele de pe libertatea de exprimare!! Ce urmeaz\u0103, un Minister al Adev\u0103rului? Tr\u0103im vremuri complicate, periculoase pentru democra\u021bie, v\u0103 rog s\u0103 citi\u021bi cu deta\u0219are, f\u0103r\u0103 patim\u0103, cele de mai jos!<\/p>\n<p>Sunt revoltat p\u00e2n\u0103 la dezgust pentru \u00eenchiderea contului de Tik Tok al lui Ion Cristoiu. Asta de\u0219i am fost adesea \u00een dezacord, timp de 4 ani, c\u00e2t am realizat s\u0103pt\u0103m\u00e2nal o emisiune \u00eempreun\u0103, emisiune care trebuia s\u0103 dureze 60 de minute, dar se lungea uneori p\u00e2n\u0103 la 3 ore, pentru c\u0103 Maestrul Jack m\u0103 purta din realitate \u00een istorie, in politica externa, \u00een conspira\u021bii trecute \u0219i actuale, dup\u0103 care m\u0103 \u00eentorcea \u00een prezent \u0219i \u00eentorcea pe toate fe\u021bele sentin\u021be, declara\u021bii, hot\u0103r\u00e2ri de guvern \u0219i legi neroade.Dup\u0103 ce am intrat \u00een politic\u0103, m-a luat \u00een c\u0103tare de nu mai \u0219tiu c\u00e2te ori. Nu m-am sup\u0103rat niciodat\u0103 pe el. Era un titan al presei \u0219i de fiecare dat\u0103 m-am g\u00e2ndit: oare n-am gre\u0219it eu?Pentru cine nu \u0219tie cine este Ion Cristoiu, dar \u0219i pentru cei care au preferat s\u0103 uite, pentru a nu avea vreun frison \u00een zona a ceea ce se mai nume\u0219te &#8211; ce ironie! &#8211; con\u0219tiin\u021b\u0103. Ion Cristoiu &#8211; cei care-l iubesc sincer \u00eei spun \u201eJack\u201d &#8211; a inventat presa de larg\u0103 audien\u021b\u0103, a n\u0103scut jurnalismul de investiga\u021bie din Rom\u00e2nia post-1989, a crescut genera\u021bii de ziari\u0219ti, i-a \u00eenv\u0103\u021bat s\u0103 fie verticali \u0219i s\u0103-\u0219i apere opiniile cu orice pre\u021b, le-a demonstrat (nu opinii, ci argumente!) multor politicieni cum mint \u0219i fur\u0103 f\u0103r\u0103 jen\u0103, motiv pentru care a fost pus la zid pentru lipsa de maleabilitate. A fost amenin\u021bat, dar \u0219i-a v\u0103zut de scris \u0219i &#8211; aten\u021bie mare, detractorilor! &#8211; de citit. Un om care petrece 6 ore zilnic la Biblioteca Academiei pentru a descoperi cheile acestei lumi \u00een declin, ale acestui glob plin de lichele \u0219i tr\u0103d\u0103tori este considerat at\u00e2t de periculos \u00eenc\u00e2t \u00eei \u00eenchizi, pur \u0219i simplu, tribuna! Contul s\u0103u de Tik ToK, deschis \u00een 14 decembrie 2024, avea 150.000 de urm\u0103ritori \u0219i 8 milioane de like-uri. Iar peste 75% dintre post\u0103ri erau pe subiecte de politic\u0103 extern\u0103!!\u00a0<a href=\"https:\/\/www.realitatea.net\/stiri\/actual\/cine-a-pierdut-si-cine-a-castigat-dupa-ce-sua-a-anuntat-pauza-de-taxe-de-90-de-zile-rares-bogdan-trump-ar-putea-fi-acuzat-de-manipularea-pietelor_67f7fa8e54d2b51cbe3e8d46\" target=\"_blank\">Cine a pierdut \u0219i cine a c\u00e2\u0219tigat dup\u0103 ce SUA a anun\u021bat \u201epauza de taxe\u201d de 90 de zile. Rare\u0219 Bogdan: Trump ar putea fi acuzat de manipularea pie\u021belor<\/a>\u00a0Pentru cine e periculos un om care are curajul opiniei? Cine stabile\u0219te unde se termin\u0103 sau \u00eencepe adev\u0103rul? Adev\u0103rul cui?\u0218ti\u021bi voi, dragi copii, cine este Ion Cristoiu, Maestrul Jack, omul care are curajul s\u0103 aib\u0103 alt\u0103 p\u0103rere? A\u021bi auzit de Expres Magazin (primul ziar privat din Rom\u00e2nia) \u0219i Zig-Zag (s\u0103pt\u0103m\u00e2nal care a ajuns la 600.000 tiraj? St\u0103team la coad\u0103 la minus 20 de grade, \u00een Ocna Mure\u0219, apoi la 40 de grade, la Cluj, s\u0103 le citesc, apoi la alte cozi interminabile la Evenimentul Zilei, pentru a afla cum confisc\u0103 e\u0219alonul 2 din fostul PCR statul, comer\u021bul, institu\u021biile, numai ca s\u0103 slujeasc\u0103 socialismul cu fa\u021b\u0103 uman\u0103 al lui Ion Iliescu. Chiar n-a\u021bi auzit de Evenimentul Zilei (Bulina Ro\u0219ie), singurul cotidian rom\u00e2nesc care a atins tirajul de 1 milion de exemplare \u00eempreun\u0103 cu Bulina Albastr\u0103, edi\u021bia de dup\u0103-amiaz\u0103? \u0218ti\u021bi voi, oameni care v\u0103 bucura\u021bi c\u0103 i-au \u00eenchis contul de pe Tik Tok \u0219i v\u0103 pl\u00e2nge\u021bi de lipsa de obiectivitate a sa, c\u0103 uzina de pres\u0103 Ion Cristoiu era adversarul publicit\u0103\u021bii de stat &#8211; \u0219i nu numai &#8211; deoarece considera c\u0103 d\u0103uneaz\u0103 echidistan\u021bei jurnalistice?V\u0103 mai aduce\u021bi aminte c\u0103 Ion Cristoiu a inventat conceptul de Breaking-News \u00een Rom\u00e2nia, la Realitatea TV a lui Silviu Prigoan\u0103? Milioane de rom\u00e2ni au urm\u0103rit maratonul de \u0219tiri, transmisiuni live, analize de la Realitatea TV organizat de Ion Cristoiu \u00een 2003, cred, c\u00e2nd a \u00eenceput al doilea r\u0103zboi din Golf &#8211; nu mai f\u0103cuse nimeni a\u0219a ceva. Nu mai st\u0103tuse nimeni 15 ore \u00eentr-un platou tv pentru a oferi publicului informa\u021bii \u0219i analize de la cei mai tari jurnali\u0219ti din toat\u0103 lumea.A\u0219 putea s\u0103 povestesc o s\u0103pt\u0103m\u00e2n\u0103 cine este Ion Cristoiu \u0219i de ce este important s\u0103 nu fie cenzurat. Nu doar pentru c\u0103 a definit \u00een mare parte libertatea de exprimare din Rom\u00e2nia, care ar trebui s\u0103 fie inviolabil\u0103 at\u00e2ta vreme c\u00e2t nu se incit\u0103 la ur\u0103, la crim\u0103, la violen\u021b\u0103. Ci pentru c\u0103 libertatea este cel mai puternic instrument de g\u00e2ndire d\u0103ruit omului. \u00cen absen\u021ba ei, devenim sclavii autocenzurii \u0219i ne pierdem limpezimea. A fost c\u00e2\u0219tigat\u0103 cu s\u00e2nge, \u00een 1989. Iar dac\u0103 azi interzici pe cine nu g\u00e2nde\u0219te ca tine, poate m\u00e2ine vrei s\u0103-i dai un pumn \u00een cap. Sau s\u0103-l trimi\u021bi la pu\u0219c\u0103rie. S\u0103-i urm\u0103re\u0219ti familia, s\u0103-i terorizezi copiii, s\u0103-i pui microfoane \u00een dormitor, s\u0103-l pui s\u0103 recite ode numai pentru a nu-i smulge din\u021bii. V\u0103 sun\u0103 cunoscut? Chiar ne trebuie Fratele cel Mare? Cine poate garanta c\u0103 dac\u0103 azi suprim\u0103m libertatea de exprimare nu vom ajunge \u00eentr-un scenariu precum Noaptea Cu\u021bitelor Lungi? \u00cenfiin\u021b\u0103m \u0219i Batalioanele de Asalt, C\u0103m\u0103\u0219ile Brune sau mai \u0219tiu ce ce orori ale istoriei?Ca europarlamentar, sunt \u00eentrebat mereu de colegi din alte \u021b\u0103ri, comisari, al\u021bi demnitari: ce se \u00eent\u00e2mpl\u0103 \u00een Rom\u00e2nia?\u2026Se \u00eent\u00e2mpl\u0103 c\u0103 trebuie s\u0103 ne revenim \u0219i s\u0103 pricepem c\u0103 limitarea libert\u0103\u021bii de exprimare, interzicerea unor jurnali\u0219ti, damnarea lor expune Rom\u00e2nia unui risc fatal.Aten\u021bie mare! Friedrich Gustav Emil Martin Niemoller, pastor luteran german, antifascist, fost comandant de submarin, membru al Rezisten\u021bei germane, supravie\u021buitor al lag\u0103relor de concentrare, ne-a l\u0103sat ceva foarte valoros: \u201eC\u00e2nd nazi\u0219tii au venit s\u0103 \u00eei ia pe comuni\u0219ti, n-am scos o vorb\u0103. Nu eram comunist. C\u00e2nd i-au arestat pe sociali\u0219ti, am t\u0103cut. Nu eram socialist. C\u00e2nd au venit s\u0103 \u00eei ia pe sindicali\u0219ti, nu am protestat. Nu eram sindicalist. C\u00e2nd au venit s\u0103 \u00eei ia pe evrei, nu m-am revoltat. Nu eram evreu. C\u00e2nd au venit s\u0103 m\u0103 ia pe mine, nu mai r\u0103m\u0103sese nimeni care s\u0103-mi ia ap\u0103rarea.\u201dNoapte bun\u0103? Stingem lumina?\u201d, a scris Rare\u0219 Bogdan pe pagina sa de socializare.<a title='Rares Bogdan: Cei care lingeau clante la ambasade dupa aprobare de la \"marele licurici\" ne spun azi cat de rea e America' href=\"https:\/\/www.realitatea.net\/stiri\/politica\/rares-bogdan-cei-care-lingeau-clante-la-ambasade-dupa-aprobare-de-la-marele-licurici-ne-spun-azi-cat-de-rea-e-america_67e4df1be0c6370a0970bf22\">Rare\u0219 Bogdan: Cei care lingeau clan\u021be la ambasade dup\u0103 aprobare de la \u201dmarele licurici\u201d ne spun azi c\u00e2t de rea e America<\/a><\/p>","protected":false},"excerpt":{"rendered":"<p>Europarlamentarul rom\u00e2n a subliniat c\u0103 vremurile \u00een care tr\u0103im sunt complicate \u0219i periculoase pentru democra\u021bie.&hellip;<\/p>\n","protected":false},"author":0,"featured_media":46747,"comment_status":"open","ping_status":"open","sticky":false,"template":"","format":"standard","meta":{"footnotes":""},"categories":[2],"tags":[],"class_list":["post-46746","post","type-post","status-publish","format-standard","has-post-thumbnail","hentry","category-actual"],"_links":{"self":[{"href":"https:\/\/247stiri.ro\/index.php\/wp-json\/wp\/v2\/posts\/46746","targetHints":{"allow":["GET"]}}],"collection":[{"href":"https:\/\/247stiri.ro\/index.php\/wp-json\/wp\/v2\/posts"}],"about":[{"href":"https:\/\/247stiri.ro\/index.php\/wp-json\/wp\/v2\/types\/post"}],"replies":[{"embeddable":true,"href":"https:\/\/247stiri.ro\/index.php\/wp-json\/wp\/v2\/comments?post=46746"}],"version-history":[{"count":0,"href":"https:\/\/247stiri.ro\/index.php\/wp-json\/wp\/v2\/posts\/46746\/revisions"}],"wp:featuredmedia":[{"embeddable":true,"href":"https:\/\/247stiri.ro\/index.php\/wp-json\/wp\/v2\/media\/46747"}],"wp:attachment":[{"href":"https:\/\/247stiri.ro\/index.php\/wp-json\/wp\/v2\/media?parent=46746"}],"wp:term":[{"taxonomy":"category","embeddable":true,"href":"https:\/\/247stiri.ro\/index.php\/wp-json\/wp\/v2\/categories?post=46746"},{"taxonomy":"post_tag","embeddable":true,"href":"https:\/\/247stiri.ro\/index.php\/wp-json\/wp\/v2\/tags?post=46746"}],"curies":[{"name":"wp","href":"https:\/\/api.w.org\/{rel}","templated":true}]}}