{"id":46755,"date":"2025-04-12T04:45:22","date_gmt":"2025-04-12T04:45:22","guid":{"rendered":"https:\/\/247stiri.ro\/index.php\/2025\/04\/12\/lasconi-se-plange-pe-retelele-de-socializare-dupa-ce-a-fost-lasata-fara-bani-nu-cred-ca-voi-mai-avea-acces-nici-macar-in-sediul-usr\/"},"modified":"2025-04-12T04:45:22","modified_gmt":"2025-04-12T04:45:22","slug":"lasconi-se-plange-pe-retelele-de-socializare-dupa-ce-a-fost-lasata-fara-bani-nu-cred-ca-voi-mai-avea-acces-nici-macar-in-sediul-usr","status":"publish","type":"post","link":"https:\/\/247stiri.ro\/index.php\/2025\/04\/12\/lasconi-se-plange-pe-retelele-de-socializare-dupa-ce-a-fost-lasata-fara-bani-nu-cred-ca-voi-mai-avea-acces-nici-macar-in-sediul-usr\/","title":{"rendered":"Lasconi se pl\u00e2nge pe re\u021belele de socializare dup\u0103 ce a fost l\u0103sat\u0103 f\u0103r\u0103 bani. \u201eNu cred c\u0103 voi mai avea acces nici m\u0103car \u00een sediul USR\u201d"},"content":{"rendered":"<p>Elena Lasconi a postat pe Facebook un mesaj tran\u0219ant \u00een care a spus c\u0103 nu se va opri s\u0103 lupte pentru dreptate. Mai mult dec\u00e2t at\u00e2t, candidata la preziden\u021biale sus\u021bine cu vehemen\u021b\u0103 c\u0103 &#8222;nu este o moned\u0103 de schimb pentru nimeni.&#8221;<\/p>\n<p>\u201eA\u0219 fi vrut ca \u00een urm\u0103toarele s\u0103pt\u0103m\u00e2ni s\u0103 c\u0103l\u0103toresc \u00een \u021bar\u0103 \u0219i \u00een diaspora, s\u0103 vin s\u0103 v\u0103 v\u0103d, s\u0103 v\u0103 privesc \u00een ochi \u0219i s\u0103 v\u0103 vorbesc despre planurile mele pentru Rom\u00e2nia. Din p\u0103cate, ga\u0219ca mi-a blocat ilegal accesul la banii de campanie. O s\u0103 se fac\u0103 dreptate \u00een justi\u021bie, dar dureaz\u0103. Nu cred c\u0103 voi mai avea acces nici la televiziuni, radiouri, pres\u0103 scris\u0103. Nu cred c\u0103 voi mai avea acces nici m\u0103car \u00een sediul USR.A\u0219a c\u0103 singura modalitate de a v\u0103 vorbi a r\u0103mas social media. M\u0103 bazez pe voi. Mul\u021bumesc!\u201d,\u00a0a postat \u0219efa rezi\u0219tilor pe pagina sa de socializare.\u00a0Totul dup\u0103 ce deputatul USR Ionu\u021b Mo\u0219teanu a continuat scandalul din interiorul partidului \u0219i a declarat c\u0103 USR va face tot posibilul s\u0103-l duc\u0103 pe Nicu\u0219or Dan la Cotroceni.\u00a0\u201eAst\u0103zi am mandatat secretariatul general \u015fi coordonatorul de campanie s\u0103 \u00eencheie contractele \u00een derulare, avem c\u00e2teva contracte \u00een derulare cu diver\u015fi furnizori\u201d, a spus Ionu\u0163 Mo\u015fteanu, care a precizat c\u0103 aceste contracte vor fi \u00eenchise.\u201eNe vom vedea cu echipa de campanie a lui Nicu\u015for pentru a integra opera\u0163ional echipele noastre \u015fi a vedea unde e nevoie de mai multe resurse, s\u0103 reu\u015fim o complementaritate astfel \u00eenc\u00e2t s\u0103 \u00eel ajut\u0103m s\u0103 c\u00e2\u015ftige alegerile din 2025\u201d, a mai spus Mo\u015fteanu.\u00a0\u00centrebat dac\u0103 Elena Lasconi va mai avea acces la banii USR, el a r\u0103spuns: \u201eConcret, nu\u201d.\u00a0<a title=\"Scandal urias in partidul rezistilor, dupa debarcarea Elenei Lasconi. Un lider USR acuza: Vrea sa ia partidul pe persoana fizica\" href=\"https:\/\/www.realitatea.net\/stiri\/politica\/scandal-urias-in-partidul-rezistilor-dupa-debarcarea-elenei-lasconi-un-lider-usr-acuza-vrea-sa-ia-partidul-pe-persoana-fizica_67f8b8aca881af672326cb69\">Scandal uria\u0219 \u00een partidul rezi\u0219tilor, dup\u0103 debarcarea Elenei Lasconi. Un lider USR acuz\u0103: Vrea s\u0103 ia partidul pe persoan\u0103 fizic\u0103<\/a><\/p>","protected":false},"excerpt":{"rendered":"<p>Elena Lasconi a postat pe Facebook un mesaj tran\u0219ant \u00een care a spus c\u0103 nu&hellip;<\/p>\n","protected":false},"author":0,"featured_media":46753,"comment_status":"open","ping_status":"open","sticky":false,"template":"","format":"standard","meta":{"footnotes":""},"categories":[2],"tags":[],"class_list":["post-46755","post","type-post","status-publish","format-standard","has-post-thumbnail","hentry","category-actual"],"_links":{"self":[{"href":"https:\/\/247stiri.ro\/index.php\/wp-json\/wp\/v2\/posts\/46755","targetHints":{"allow":["GET"]}}],"collection":[{"href":"https:\/\/247stiri.ro\/index.php\/wp-json\/wp\/v2\/posts"}],"about":[{"href":"https:\/\/247stiri.ro\/index.php\/wp-json\/wp\/v2\/types\/post"}],"replies":[{"embeddable":true,"href":"https:\/\/247stiri.ro\/index.php\/wp-json\/wp\/v2\/comments?post=46755"}],"version-history":[{"count":0,"href":"https:\/\/247stiri.ro\/index.php\/wp-json\/wp\/v2\/posts\/46755\/revisions"}],"wp:featuredmedia":[{"embeddable":true,"href":"https:\/\/247stiri.ro\/index.php\/wp-json\/wp\/v2\/media\/46753"}],"wp:attachment":[{"href":"https:\/\/247stiri.ro\/index.php\/wp-json\/wp\/v2\/media?parent=46755"}],"wp:term":[{"taxonomy":"category","embeddable":true,"href":"https:\/\/247stiri.ro\/index.php\/wp-json\/wp\/v2\/categories?post=46755"},{"taxonomy":"post_tag","embeddable":true,"href":"https:\/\/247stiri.ro\/index.php\/wp-json\/wp\/v2\/tags?post=46755"}],"curies":[{"name":"wp","href":"https:\/\/api.w.org\/{rel}","templated":true}]}}