{"id":46760,"date":"2025-04-12T04:45:25","date_gmt":"2025-04-12T04:45:25","guid":{"rendered":"https:\/\/247stiri.ro\/index.php\/2025\/04\/12\/accident-cumplit-intre-tren-si-masina-o-femeie-a-murit\/"},"modified":"2025-04-12T04:45:25","modified_gmt":"2025-04-12T04:45:25","slug":"accident-cumplit-intre-tren-si-masina-o-femeie-a-murit","status":"publish","type":"post","link":"https:\/\/247stiri.ro\/index.php\/2025\/04\/12\/accident-cumplit-intre-tren-si-masina-o-femeie-a-murit\/","title":{"rendered":"Accident cumplit \u00eentre tren \u0219i ma\u0219in\u0103. O femeie a murit"},"content":{"rendered":"<p>Totul s-a \u00eent\u00e2mplat seara, \u00een comuna Erbiceni. Mai multe echipaje de prim ajutor au venit de urgen\u021b\u0103 la fa\u021ba locului. Toate persoanele din autoturism au fost g\u0103site \u00eencarcerate.<\/p>\n\n<p>\u0218oferul, un t\u00e2n\u0103r de 20 de ani a ajuns la spital unde medicii fac eforturi disperate pentru a-i salva via\u021ba. Traficul feroviar a fost blocat \u00een zon\u0103, iar poli\u021bi\u0219tii au deschis o anchet\u0103 pentru a stabili circumstan\u021bele exacte ale tragediei.<\/p>\n<p>\u201e\u00cen aceast\u0103 sear\u0103 s-a produs un accident feroviar \u00een ora\u0219ul Podu Iloaiei, unde un autoturism \u00eenmatriculat \u00een Republica Moldova a fost acro\u0219at la trecerea peste nivel de calea ferat\u0103, semnaluzat\u0103 cu Crucea Sf Andrei. Evenimentul a fost anun\u021bat prin SNUAU 112 \u00een Dispeceratul Integrat ISU SMURD SAJ Ia\u0219i. La locul solicit\u0103rii au fost direc\u021bionate de urgen\u021b\u0103 o autospecial\u0103 de interven\u021bie \u0219i stingere cu ap\u0103 \u0219i spum\u0103 cu modul de descarcerare \u0219i acordarea primului ajutor, o autospecial\u0103 de descarcerare, o ambulan\u021b\u0103 de prim ajutor calificat, ambulan\u021ba de terapie intensiv\u0103 mobil\u0103 si de la SAJ Ia\u0219i un echipaj medical. La sosirea for\u021belor de interven\u021bie la locul solicit\u0103rii dou\u0103 victime se aflau \u00eencarcerate \u0219i una era evacuat\u0103. Cele dou\u0103 victime au fost descarcerate \u0219i s-a \u00eenceput protocolul de resuscitare. Pentru cea de a treia victim\u0103 a fost evaluat\u0103 medical la fa\u021ba locului\u201d, transmite ISU Ia\u0219i.<\/p>\n<p><a title=\"Grecia: O bomba a explodat in fata cladirii Hellenic Train. Compania, vinovata de accidentul din 2013, soldat cu 57 de morti \" href=\"https:\/\/www.realitatea.net\/stiri\/actual\/grecia-o-bomba-a-explodat-in-fata-cladirii-hellenic-train-compania-vinovata-de-accidentul-din-2013-soldat-cu-57-de-morti_67f97dcd2ad73b3cca3bab4a\">Grecia: O bomb\u0103 a explodat \u00een fa\u021ba cl\u0103dirii Hellenic Train. Compania, vinovat\u0103 de accidentul din 2013, soldat cu 57 de mor\u021bi<\/a><\/p>\n<p>\u00a0<\/p>","protected":false},"excerpt":{"rendered":"<p>Totul s-a \u00eent\u00e2mplat seara, \u00een comuna Erbiceni. Mai multe echipaje de prim ajutor au venit&hellip;<\/p>\n","protected":false},"author":0,"featured_media":46761,"comment_status":"open","ping_status":"open","sticky":false,"template":"","format":"standard","meta":{"footnotes":""},"categories":[2],"tags":[],"class_list":["post-46760","post","type-post","status-publish","format-standard","has-post-thumbnail","hentry","category-actual"],"_links":{"self":[{"href":"https:\/\/247stiri.ro\/index.php\/wp-json\/wp\/v2\/posts\/46760","targetHints":{"allow":["GET"]}}],"collection":[{"href":"https:\/\/247stiri.ro\/index.php\/wp-json\/wp\/v2\/posts"}],"about":[{"href":"https:\/\/247stiri.ro\/index.php\/wp-json\/wp\/v2\/types\/post"}],"replies":[{"embeddable":true,"href":"https:\/\/247stiri.ro\/index.php\/wp-json\/wp\/v2\/comments?post=46760"}],"version-history":[{"count":0,"href":"https:\/\/247stiri.ro\/index.php\/wp-json\/wp\/v2\/posts\/46760\/revisions"}],"wp:featuredmedia":[{"embeddable":true,"href":"https:\/\/247stiri.ro\/index.php\/wp-json\/wp\/v2\/media\/46761"}],"wp:attachment":[{"href":"https:\/\/247stiri.ro\/index.php\/wp-json\/wp\/v2\/media?parent=46760"}],"wp:term":[{"taxonomy":"category","embeddable":true,"href":"https:\/\/247stiri.ro\/index.php\/wp-json\/wp\/v2\/categories?post=46760"},{"taxonomy":"post_tag","embeddable":true,"href":"https:\/\/247stiri.ro\/index.php\/wp-json\/wp\/v2\/tags?post=46760"}],"curies":[{"name":"wp","href":"https:\/\/api.w.org\/{rel}","templated":true}]}}