{"id":46767,"date":"2025-04-12T05:45:11","date_gmt":"2025-04-12T05:45:11","guid":{"rendered":"https:\/\/247stiri.ro\/index.php\/2025\/04\/12\/sarbatoarea-zilei-sambata-12-aprilie-2025-un-sfant-important-este-pomenit-in-calendarul-crestin\/"},"modified":"2025-04-12T05:45:11","modified_gmt":"2025-04-12T05:45:11","slug":"sarbatoarea-zilei-sambata-12-aprilie-2025-un-sfant-important-este-pomenit-in-calendarul-crestin","status":"publish","type":"post","link":"https:\/\/247stiri.ro\/index.php\/2025\/04\/12\/sarbatoarea-zilei-sambata-12-aprilie-2025-un-sfant-important-este-pomenit-in-calendarul-crestin\/","title":{"rendered":"S\u0103rb\u0103toarea zilei: S\u00e2mb\u0103t\u0103, 12 aprilie 2025. Un sf\u00e2nt important este pomenit \u00een calendarul cre\u0219tin"},"content":{"rendered":"<p>Sf\u00e2ntul Sava s-a n\u0103scut \u00eentr-un sat din zona Buz\u0103ului. \u00cen timpul s\u0103rb\u0103torilor Sfintelor Pa\u0219ti, osta\u0219ii regelui got Athanaric, care a dezl\u0103n\u021buit o masiv\u0103 campanie de persecu\u021bii \u00eempotriva cre\u0219tinilor, au intrat \u00een satul lui Sava \u0219i l-au luat captiv pe el \u00eempreun\u0103 cu preotul satului, Sansala.N\u0103v\u0103litorii au \u00eencearcat s\u0103-i conving\u0103 pe ace\u0219ti doi b\u0103rba\u021bi credincio\u0219i s\u0103 se lepede de Hristos \u0219i s\u0103 se \u00eenchine idolilor. Sf\u00e2ntul Sava s-a dovedit d\u00e2rz \u0219i ne\u00eenduplecat \u00een m\u0103rturisirea credin\u021bei cre\u0219tine, fiind \u00een cele din urm\u0103 os\u00e2ndit la moarte prin \u00eenecare \u00een r\u00e2ul Musia (r\u00e2ul Buz\u0103u de ast\u0103zi).Sf\u00e2ntul Mucenic Sava a fost aruncat \u00een r\u00e2u \u0219i a murit la v\u00e2rsta 38 de ani, m\u0103rturisindu-l pe Hristos. Martiriul s\u0103u a avut loc la 12 aprilie 372. Moa\u0219tele Sf\u00e2ntului Sava au fost luate de cre\u0219tini \u0219i de preotul Sansala \u0219i ascunse.Dup\u0103 o vreme, Sf\u00e2ntul Vasile cel Mare i-a scris guvernatorului provinciei Sci\u021bia, pe care \u00eel ruga s\u0103 trimit\u0103 \u00een Capadocia moa\u0219te de sfin\u021bi. Au fost trimise atunci moa\u0219tele Sf\u00e2ntului Mucenic Sava, \u00eenso\u021bite \u0219i de o scrisoare a episcopului Tomisului, Sf\u00e2ntul Bretanion, \u00een care era descris martiriul sf\u00e2ntului.Sf\u00e2ntul Mucenic Sava de la Buz\u0103u a fost canonizat de Biserica Ortodox\u0103 Rom\u00e2n\u0103 la 20 iunie 1992.* Sf\u00e2ntul Ierarh Vasile M\u0103rturisitorul a fost episcop \u00een Parion, ora\u0219 din Misia mic\u0103, regiune aflat\u0103 \u00een nord-estul Asiei Mici.A fost ales ierarh pentru faptele sale bune \u0219i pentru via\u021ba cea pl\u0103cut\u0103 lui Dumnezeu.Sf\u00e2ntul Ierarh Vasile a m\u0103rturisit dreapta credin\u021b\u0103 \u00een vremea tulbur\u0103rilor iscate de curentul iconoclast, iar pentru acest lucru \u0219i-a dus via\u021ba \u00een mari necazuri, primejdii \u0219i str\u00e2mtor\u0103ri, &#8216;mut\u00e2ndu-se din loc \u00een loc, dar p\u0103zind neschimbate p\u0103rinte\u0219tile dogme, iubind dreapta credin\u021b\u0103, iar adun\u0103rile celor r\u0103ucredincio\u0219i ur\u00e2ndu-le. \u0218i pl\u0103c\u00e2nd lui Dumnezeu \u00een toate, a adormit cu pace \u00eentru Domnul&#8217;. (sursa: Vie\u021bile Sfin\u021bilor)<\/p>\n<p><a title=',,Paste\" sau ,,Pasti\"? Care este forma corecta si care este termenul folosit de Biserica Ortodoxa' href=\"https:\/\/www.realitatea.net\/stiri\/lifestyle\/paste-sau-pasti-care-este-forma-corecta-si-care-este-termenul-folosit-de-biserica-ortodoxa_67f7cfa5c77b3d63c9221852\">\u201ePa\u0219te\u201d sau \u201ePa\u0219ti\u201d? Care este forma corect\u0103 \u0219i care este termenul folosit de Biserica Ortodox\u0103<\/a>\u00a0<\/p>","protected":false},"excerpt":{"rendered":"<p>Sf\u00e2ntul Sava s-a n\u0103scut \u00eentr-un sat din zona Buz\u0103ului. \u00cen timpul s\u0103rb\u0103torilor Sfintelor Pa\u0219ti, osta\u0219ii&hellip;<\/p>\n","protected":false},"author":0,"featured_media":46768,"comment_status":"open","ping_status":"open","sticky":false,"template":"","format":"standard","meta":{"footnotes":""},"categories":[2],"tags":[],"class_list":["post-46767","post","type-post","status-publish","format-standard","has-post-thumbnail","hentry","category-actual"],"_links":{"self":[{"href":"https:\/\/247stiri.ro\/index.php\/wp-json\/wp\/v2\/posts\/46767","targetHints":{"allow":["GET"]}}],"collection":[{"href":"https:\/\/247stiri.ro\/index.php\/wp-json\/wp\/v2\/posts"}],"about":[{"href":"https:\/\/247stiri.ro\/index.php\/wp-json\/wp\/v2\/types\/post"}],"replies":[{"embeddable":true,"href":"https:\/\/247stiri.ro\/index.php\/wp-json\/wp\/v2\/comments?post=46767"}],"version-history":[{"count":0,"href":"https:\/\/247stiri.ro\/index.php\/wp-json\/wp\/v2\/posts\/46767\/revisions"}],"wp:featuredmedia":[{"embeddable":true,"href":"https:\/\/247stiri.ro\/index.php\/wp-json\/wp\/v2\/media\/46768"}],"wp:attachment":[{"href":"https:\/\/247stiri.ro\/index.php\/wp-json\/wp\/v2\/media?parent=46767"}],"wp:term":[{"taxonomy":"category","embeddable":true,"href":"https:\/\/247stiri.ro\/index.php\/wp-json\/wp\/v2\/categories?post=46767"},{"taxonomy":"post_tag","embeddable":true,"href":"https:\/\/247stiri.ro\/index.php\/wp-json\/wp\/v2\/tags?post=46767"}],"curies":[{"name":"wp","href":"https:\/\/api.w.org\/{rel}","templated":true}]}}