{"id":46769,"date":"2025-04-12T05:45:12","date_gmt":"2025-04-12T05:45:12","guid":{"rendered":"https:\/\/247stiri.ro\/index.php\/2025\/04\/12\/azi-are-loc-traditionalul-pelerinaj-de-florii-vezi-traseul-pe-care-se-va-desfasura-procesiunea-care-incepe-la-manastirea-radu-voda\/"},"modified":"2025-04-12T05:45:12","modified_gmt":"2025-04-12T05:45:12","slug":"azi-are-loc-traditionalul-pelerinaj-de-florii-vezi-traseul-pe-care-se-va-desfasura-procesiunea-care-incepe-la-manastirea-radu-voda","status":"publish","type":"post","link":"https:\/\/247stiri.ro\/index.php\/2025\/04\/12\/azi-are-loc-traditionalul-pelerinaj-de-florii-vezi-traseul-pe-care-se-va-desfasura-procesiunea-care-incepe-la-manastirea-radu-voda\/","title":{"rendered":"Azi are loc tradi\u021bionalul Pelerinaj de Florii. Vezi traseul pe care se va desf\u0103\u0219ura procesiunea, care \u00eencepe la M\u0103n\u0103stirea Radu Vod\u0103"},"content":{"rendered":"<p>Potrivit unui comunicat al Arhiepiscopiei Bucure\u0219tilor, organizat \u00een ajunul marii s\u0103rb\u0103tori a Intr\u0103rii Domnului \u00een Ierusalim (Floriile), pelerinajul va \u00eencepe la M\u0103n\u0103stirea Radu Vod\u0103 \u0219i se va desf\u0103\u0219ura pe urm\u0103torul traseu: bulevardul M\u0103r\u0103\u0219e\u0219ti, bulevardul Dimitrie Cantemir, Pia\u021ba Unirii (latura de Est \u0219i Nord), Biserica Sf\u00e2ntul Anton &#8211; Curtea Veche (prima oprire) &#8211; Pia\u021ba Unirii (latura de Vest), Crucea br\u00e2ncoveneasc\u0103 (a doua oprire), Colina Bucuriei &#8211; Catedrala Patriarhal\u0103.Procesiunea se va \u00eencheia la Catedrala Patriarhal\u0103, unde pelerinii vor fi \u00eent\u00e2mpina\u021bi de c\u0103tre Preafericitul P\u0103rinte Daniel, Patriarhul Bisericii Ortodoxe Rom\u00e2ne.Momentele principale ale pelerinajului:* 14:30 &#8211; Slujba Vecerniei la M\u0103n\u0103stirea Radu Vod\u0103;* 16:00 &#8211; la M\u0103n\u0103stirea Radu Vod\u0103 va avea loc sfin\u021birea ramurilor de salcie, care vor fi apoi oferite credincio\u0219ilor prezen\u021bi;* 16:30 &#8211; plecare \u00een procesiune de la M\u0103n\u0103stirea Radu Vod\u0103 spre Catedrala Patriarhal\u0103;* 17:35 &#8211; oprire la Biserica Sf\u00e2ntul Anton &#8211; Curtea Veche, unde procesiunea va fi \u00eent\u00e2mpinat\u0103 de preo\u021bii \u0219i credincio\u0219ii acestei biserici;* 17:50 &#8211; procesiunea ajunge la Crucea br\u00e2ncoveneasc\u0103 de la baza Colinei Bucuriei (a doua oprire);* 18:05-18:20 &#8211; sosire la Catedrala Patriarhal\u0103, unde pelerinii vor fi \u00eent\u00e2mpina\u021bi de Preafericitul P\u0103rinte Daniel, Patriarhul Bisericii Ortodoxe Rom\u00e2ne, care va sfin\u021bi icoana praznicului &#8216;Intr\u0103rii Domnului \u00een Ierusalim&#8217;, va rosti rug\u0103ciunea de binecuv\u00e2ntare a pelerinilor \u0219i va adresa un cuv\u00e2nt de \u00eenv\u0103\u021b\u0103tur\u0103.Acest eveniment religios-misionar este organizat cu sprijinul Centrului de Pres\u0103 Basilica al Patriarhiei Rom\u00e2ne.Credincio\u0219ii ortodoc\u0219i, romano-catolici \u0219i greco-catolici s\u0103rb\u0103toresc, duminic\u0103, Intrarea Domnului \u00een Ierusalim &#8211; Floriile.Potrivit tradi\u021biei Bisericii, Intrarea lui Iisus Hristos \u00een Ierusalim este singurul moment din via\u021ba Sa p\u0103m\u00e2nteasc\u0103 \u00een care a acceptat s\u0103 fie aclamat ca \u00cemp\u0103rat. De data aceasta, \u00ee\u0219i preg\u0103te\u0219te singur intrarea, conform profe\u021biilor din Vechiul Testament, ca s\u0103 fie recunoscut dup\u0103 lege c\u0103 este Mesia, M\u00e2ntuitorul lumii. Poporul \u00eel \u00eent\u00e2mpin\u0103 pe Iisus cu ramuri de finic \u0219i de m\u0103slin, strig\u00e2nd: &#8216;Osana! Bine este cuv\u00e2ntat Cel ce vine \u00eentru numele Domnului&#8217;. Prin aceste cuvinte, oamenii sim\u021beau c\u0103 \u00eensu\u0219i Dumnezeu a venit \u00een lume pentru a aduce m\u00e2ntuirea ei. Intr\u00e2nd ca \u00cemp\u0103rat \u00een Ierusalim, Iisus anticipeaz\u0103 biruin\u021ba Sa apropiat\u0103 asupra mor\u021bii, ca \u0219i biruin\u021ba \u00eentregii omeniri pe care o purta \u00een Sine.Cu ziua de Florii \u00eencepe ultima s\u0103pt\u0103m\u00e2n\u0103 a Postului Pa\u0219tilor, numit\u0103 S\u0103pt\u0103m\u00e2na Patimilor, \u00een care cre\u0219tinii se preg\u0103tesc s\u0103 \u00eent\u00e2mpine marea s\u0103rb\u0103toare a \u00cenvierii M\u00e2ntuitorului Iisus Hristos.\u00a0<\/p>\n<p><a title=\"Ce trebuie sa dai de pomana in ziua de Florii pentru a avea parte de sanatate tot anul\" href=\"https:\/\/www.realitatea.net\/stiri\/actual\/ce-trebuie-sa-dai-de-pomana-in-ziua-de-florii-pentru-a-avea-parte-de-sanatate-tot-anul_67f8ca0141467a0a363806f5\">Ce trebuie s\u0103 dai de poman\u0103 \u00een ziua de Florii pentru a avea parte de s\u0103n\u0103tate tot anul<\/a><\/p>","protected":false},"excerpt":{"rendered":"<p>Potrivit unui comunicat al Arhiepiscopiei Bucure\u0219tilor, organizat \u00een ajunul marii s\u0103rb\u0103tori a Intr\u0103rii Domnului \u00een&hellip;<\/p>\n","protected":false},"author":0,"featured_media":46770,"comment_status":"open","ping_status":"open","sticky":false,"template":"","format":"standard","meta":{"footnotes":""},"categories":[2],"tags":[],"class_list":["post-46769","post","type-post","status-publish","format-standard","has-post-thumbnail","hentry","category-actual"],"_links":{"self":[{"href":"https:\/\/247stiri.ro\/index.php\/wp-json\/wp\/v2\/posts\/46769","targetHints":{"allow":["GET"]}}],"collection":[{"href":"https:\/\/247stiri.ro\/index.php\/wp-json\/wp\/v2\/posts"}],"about":[{"href":"https:\/\/247stiri.ro\/index.php\/wp-json\/wp\/v2\/types\/post"}],"replies":[{"embeddable":true,"href":"https:\/\/247stiri.ro\/index.php\/wp-json\/wp\/v2\/comments?post=46769"}],"version-history":[{"count":0,"href":"https:\/\/247stiri.ro\/index.php\/wp-json\/wp\/v2\/posts\/46769\/revisions"}],"wp:featuredmedia":[{"embeddable":true,"href":"https:\/\/247stiri.ro\/index.php\/wp-json\/wp\/v2\/media\/46770"}],"wp:attachment":[{"href":"https:\/\/247stiri.ro\/index.php\/wp-json\/wp\/v2\/media?parent=46769"}],"wp:term":[{"taxonomy":"category","embeddable":true,"href":"https:\/\/247stiri.ro\/index.php\/wp-json\/wp\/v2\/categories?post=46769"},{"taxonomy":"post_tag","embeddable":true,"href":"https:\/\/247stiri.ro\/index.php\/wp-json\/wp\/v2\/tags?post=46769"}],"curies":[{"name":"wp","href":"https:\/\/api.w.org\/{rel}","templated":true}]}}