{"id":46779,"date":"2025-04-12T06:44:52","date_gmt":"2025-04-12T06:44:52","guid":{"rendered":"https:\/\/247stiri.ro\/index.php\/2025\/04\/12\/tupeul-lui-victor-ponta-se-foloseste-de-tragedia-de-la-colectiv-in-plina-campanie\/"},"modified":"2025-04-12T06:44:52","modified_gmt":"2025-04-12T06:44:52","slug":"tupeul-lui-victor-ponta-se-foloseste-de-tragedia-de-la-colectiv-in-plina-campanie","status":"publish","type":"post","link":"https:\/\/247stiri.ro\/index.php\/2025\/04\/12\/tupeul-lui-victor-ponta-se-foloseste-de-tragedia-de-la-colectiv-in-plina-campanie\/","title":{"rendered":"Tupeul lui Victor Ponta: Se folose\u0219te de tragedia de la Colectiv \u00een plin\u0103 campanie"},"content":{"rendered":"<p>\u00cen cea mai nou\u0103 postare de pe pagina sa de socializare, Ponta sus\u021bine c\u0103 Ciolacu a \u0219tiut de informa\u021biile legate de aceast\u0103 tragedie, insinu\u00e2nd c\u0103 liderul PSD a permis r\u0103sp\u00e2ndirea unor minciuni pentru a-\u0219i proteja imaginea \u0219i interesele politice. Acesta a subliniat c\u0103 Ciolacu a \u201emin\u021bit milioane de rom\u00e2ni\u201d \u0219i a acuzat partidul s\u0103u de corup\u021bie \u0219i de gestionarea defectuoas\u0103 a fondurilor publice.<\/p>\n<p>\u201eS\u0103-\u021bi fie ru\u0219ine Marcel Ciolacu!Ai \u0219tiut de la \u00eenceput c\u0103 totul este o minciun\u0103, o \u00eenscenare sordid\u0103, o batjocorire a tragediei de la \u201cColectiv\u201d! Si totu\u0219i l-ai l\u0103sat pe Bogdan Popescu (\u201comul cu banii PSD\u201d) s\u0103 mint\u0103 milioane de rom\u00e2ni! \u021ai-ai in\u0219elat colegii din Partid pe care i-ai pus s\u0103 se fac\u0103 de r\u00e2s post\u00e2nd ni\u0219te acuza\u021bii despre care tu \u0219tiai c\u0103 sunt false ! \u00cen loc sa i\u021bi faci datoria fa\u021b\u0103 de oameni, i-ai min\u021bit si le-ai furat milioane de euro din bani publici &#8211; ca s\u0103 finan\u021bezi minciuna! De ce? Trebuie s\u0103 \u00eemi explici la un moment dat \u0219i mie \u0219i celor din PSD pe care i-ai t\u00e2r\u00e2t dup\u0103 tine \u0219i rom\u00e2nilor!Acum m\u0103 voi \u00eentoarce la adev\u0103ratele probleme ale oamenilor\u201d, a scris Ponta pe pagina sa de Facebook.\u00a0<a title=\"La inundatii, Ponta a promis marea cu sarea, dar sinistratii nu au primit nimic. Ce spun acum cei ademeniti cu promisiuni\" href=\"https:\/\/www.realitatea.net\/stiri\/actual\/la-inundatii-ponta-a-promis-marea-cu-sarea-dar-sinistratii-nu-au-primit-nimic-ce-spun-acum-cei-ademeniti-cu-promisiuni_67f918072e2bae4a645438b9\">La inunda\u021bii, Ponta a promis marea cu sarea, dar sinistra\u021bii nu au primit nimic. Ce spun acum cei ademeni\u021bi cu promisiuni<\/a><\/p>","protected":false},"excerpt":{"rendered":"<p>\u00cen cea mai nou\u0103 postare de pe pagina sa de socializare, Ponta sus\u021bine c\u0103 Ciolacu&hellip;<\/p>\n","protected":false},"author":0,"featured_media":46778,"comment_status":"open","ping_status":"open","sticky":false,"template":"","format":"standard","meta":{"footnotes":""},"categories":[2],"tags":[],"class_list":["post-46779","post","type-post","status-publish","format-standard","has-post-thumbnail","hentry","category-actual"],"_links":{"self":[{"href":"https:\/\/247stiri.ro\/index.php\/wp-json\/wp\/v2\/posts\/46779","targetHints":{"allow":["GET"]}}],"collection":[{"href":"https:\/\/247stiri.ro\/index.php\/wp-json\/wp\/v2\/posts"}],"about":[{"href":"https:\/\/247stiri.ro\/index.php\/wp-json\/wp\/v2\/types\/post"}],"replies":[{"embeddable":true,"href":"https:\/\/247stiri.ro\/index.php\/wp-json\/wp\/v2\/comments?post=46779"}],"version-history":[{"count":0,"href":"https:\/\/247stiri.ro\/index.php\/wp-json\/wp\/v2\/posts\/46779\/revisions"}],"wp:featuredmedia":[{"embeddable":true,"href":"https:\/\/247stiri.ro\/index.php\/wp-json\/wp\/v2\/media\/46778"}],"wp:attachment":[{"href":"https:\/\/247stiri.ro\/index.php\/wp-json\/wp\/v2\/media?parent=46779"}],"wp:term":[{"taxonomy":"category","embeddable":true,"href":"https:\/\/247stiri.ro\/index.php\/wp-json\/wp\/v2\/categories?post=46779"},{"taxonomy":"post_tag","embeddable":true,"href":"https:\/\/247stiri.ro\/index.php\/wp-json\/wp\/v2\/tags?post=46779"}],"curies":[{"name":"wp","href":"https:\/\/api.w.org\/{rel}","templated":true}]}}