{"id":46782,"date":"2025-04-12T06:44:53","date_gmt":"2025-04-12T06:44:53","guid":{"rendered":"https:\/\/247stiri.ro\/index.php\/2025\/04\/12\/polonezii-isi-aleg-presedintele-in-curand-prima-dezbatere-intre-candidati-a-scos-la-iveala-o-serie-de-disensiuni-nu-voi-fi-majordomul-statului-german\/"},"modified":"2025-04-12T06:44:53","modified_gmt":"2025-04-12T06:44:53","slug":"polonezii-isi-aleg-presedintele-in-curand-prima-dezbatere-intre-candidati-a-scos-la-iveala-o-serie-de-disensiuni-nu-voi-fi-majordomul-statului-german","status":"publish","type":"post","link":"https:\/\/247stiri.ro\/index.php\/2025\/04\/12\/polonezii-isi-aleg-presedintele-in-curand-prima-dezbatere-intre-candidati-a-scos-la-iveala-o-serie-de-disensiuni-nu-voi-fi-majordomul-statului-german\/","title":{"rendered":"Polonezii  \u00ee\u0219i aleg pre\u0219edintele \u00een cur\u00e2nd. Prima dezbatere \u00eentre candida\u021bi a scos la iveal\u0103 o serie de disensiuni. \u201dNu voi fi majordomul statului german\u201d"},"content":{"rendered":"<p>Ini\u021bial, dezbaterea urma s\u0103-i reuneasc\u0103 doar pe cei doi favori\u021bi ai alegerilor, pro-europeanul Rafal Trzaskowski, candidat al Coali\u021biei Civice (KO, la putere), creditat cu 35% p\u00e2n\u0103 la 38% din inten\u021biile de vot, \u0219i conservatorul Karol Nawrocki candidat al partidului Lege \u0219i Justi\u021bie (PiS, na\u021bionalist), sus\u021binut de 20% p\u00e2n\u0103 la 23% din aleg\u0103tori.Ideea unei astfel de dezbateri \u00eentre cei doi favori\u021bi a fost criticat\u0103 de al\u021bi candida\u021bi care s-au sim\u021bit exclu\u0219i \u0219i au reu\u0219it s\u0103 fie invita\u021bi.Candidatul pe locul trei \u00een sondaje, Slawomir Mentzen, reprezent\u00e2nd partidul de extrem\u0103 dreapta libertarian Confedera\u021bia \u0219i creditat cu 14% p\u00e2n\u0103 la 19% din inten\u021biile de vot, a refuzat, totu\u0219i, s\u0103 participe.Majoritatea candida\u021bilor s-au pronun\u021bat pentru \u00eent\u0103rirea puterii militare a \u021b\u0103rii, Rafal Trzaskowski relu\u00e2nd anun\u021burile guvernamentale de a aloca \u00een cur\u00e2nd 5% din PIB securit\u0103\u021bii na\u021bionale, fa\u021b\u0103 de 4,7% planificat pentru acest an, scrie Agerpres.La r\u00e2ndul s\u0103u, Nawrocki ar dori s\u0103 vad\u0103 o armat\u0103 polonez\u0103 de 300.000 de oameni, fa\u021b\u0103 de aproximativ 200.000 \u00een prezent.Pe scena interna\u021bional\u0103, Nawrocki mizeaz\u0103 \u00een principal pe Statele Unite \u0219i NATO, \u00een timp ce Rafal Trzaskowski a reamintit importan\u021ba UE.Candidatul sus\u021binut de PiS a cerut introducerea controalelor la frontiera polono-german\u0103, acuz\u00e2nd actualul guvern c\u0103 a &#8216;abdicat&#8217; \u00een fa\u021ba Germaniei care, potrivit acestuia, trimite &#8216;imigran\u021bi ilegali&#8217; \u00eenapoi \u00een Polonia.\u201dNu voi fi majordomul statului german\u201d, a asigurat el.Polonia se confrunt\u0103 \u00een prezent cu o coabitare dificil\u0103 \u00eentre guvernul de coali\u021bie al lui Donald Tusk \u0219i pre\u0219edintele Andrzej Duda, apropiat de PiS.\u0218eful statului face uz de dreptul s\u0103u de veto la ini\u021biative legislative ale guvernului \u0219i perpetueaz\u0103 haosul juridic mo\u0219tenit de la guvernul na\u021bionalist precedent.Primul tur al alegerilor preziden\u021biale este prev\u0103zut pe 18 mai \u0219i, potrivit sondajelor, va fi necesar un al doilea tur pe 1 iunie pentru a stabili cine \u00eel va \u00eenlocui pe actualul \u0219ef al statului.<\/p>\n<p><a title=\"Trump pune noi CONDITII Europei pentru a mentine trupele americane pe teritoriul sau. De ce este legata decizia\" href=\"https:\/\/www.realitatea.net\/stiri\/extern\/trump-pune-noi-conditii-europei-pentru-a-mentine-trupele-americane-pe-teritoriul-sau-de-ce-este-legata-decizia_67f8e59493edac5b384fc8e9\">Trump pune noi CONDI\u021aII Europei pentru a men\u021bine trupele americane pe teritoriul s\u0103u. De ce este legat\u0103 decizia<\/a><\/p>","protected":false},"excerpt":{"rendered":"<p>Ini\u021bial, dezbaterea urma s\u0103-i reuneasc\u0103 doar pe cei doi favori\u021bi ai alegerilor, pro-europeanul Rafal Trzaskowski,&hellip;<\/p>\n","protected":false},"author":0,"featured_media":46776,"comment_status":"open","ping_status":"open","sticky":false,"template":"","format":"standard","meta":{"footnotes":""},"categories":[2],"tags":[],"class_list":["post-46782","post","type-post","status-publish","format-standard","has-post-thumbnail","hentry","category-actual"],"_links":{"self":[{"href":"https:\/\/247stiri.ro\/index.php\/wp-json\/wp\/v2\/posts\/46782","targetHints":{"allow":["GET"]}}],"collection":[{"href":"https:\/\/247stiri.ro\/index.php\/wp-json\/wp\/v2\/posts"}],"about":[{"href":"https:\/\/247stiri.ro\/index.php\/wp-json\/wp\/v2\/types\/post"}],"replies":[{"embeddable":true,"href":"https:\/\/247stiri.ro\/index.php\/wp-json\/wp\/v2\/comments?post=46782"}],"version-history":[{"count":0,"href":"https:\/\/247stiri.ro\/index.php\/wp-json\/wp\/v2\/posts\/46782\/revisions"}],"wp:featuredmedia":[{"embeddable":true,"href":"https:\/\/247stiri.ro\/index.php\/wp-json\/wp\/v2\/media\/46776"}],"wp:attachment":[{"href":"https:\/\/247stiri.ro\/index.php\/wp-json\/wp\/v2\/media?parent=46782"}],"wp:term":[{"taxonomy":"category","embeddable":true,"href":"https:\/\/247stiri.ro\/index.php\/wp-json\/wp\/v2\/categories?post=46782"},{"taxonomy":"post_tag","embeddable":true,"href":"https:\/\/247stiri.ro\/index.php\/wp-json\/wp\/v2\/tags?post=46782"}],"curies":[{"name":"wp","href":"https:\/\/api.w.org\/{rel}","templated":true}]}}