{"id":46811,"date":"2025-04-12T10:44:56","date_gmt":"2025-04-12T10:44:56","guid":{"rendered":"https:\/\/247stiri.ro\/index.php\/2025\/04\/12\/marcel-ciolacu-sper-ca-nu-suntem-atat-de-blestemati-incat-sa-trebuiasca-sa-alegem-intre-un-presedinte-care-a-taiat-apa-si-un-presedinte-care-a-dat-prea-multa-apa\/"},"modified":"2025-04-12T10:44:56","modified_gmt":"2025-04-12T10:44:56","slug":"marcel-ciolacu-sper-ca-nu-suntem-atat-de-blestemati-incat-sa-trebuiasca-sa-alegem-intre-un-presedinte-care-a-taiat-apa-si-un-presedinte-care-a-dat-prea-multa-apa","status":"publish","type":"post","link":"https:\/\/247stiri.ro\/index.php\/2025\/04\/12\/marcel-ciolacu-sper-ca-nu-suntem-atat-de-blestemati-incat-sa-trebuiasca-sa-alegem-intre-un-presedinte-care-a-taiat-apa-si-un-presedinte-care-a-dat-prea-multa-apa\/","title":{"rendered":"Marcel Ciolacu: Sper c\u0103 nu suntem at\u00e2t de blestema\u0163i \u00eenc\u00e2t s\u0103 trebuiasc\u0103 s\u0103 alegem \u00eentre un pre\u015fedinte care a t\u0103iat apa \u015fi un pre\u015fedinte care a dat prea mult\u0103 ap\u0103"},"content":{"rendered":"<p>\u201eSper c\u0103 nu suntem at\u00e2t de blestema\u0163i \u00eenc\u00e2t s\u0103 trebuiasc\u0103 s\u0103 alegem \u00eentre un pre\u015fedinte care a t\u0103iat apa \u015fi un pre\u015fedinte care a dat prea mult\u0103 ap\u0103\u201d, a afirmat Marcel Ciolacu \u00een cadrul evenimentului.<\/p>\n<p>Cu toate acestea, premierul pare c\u0103 s-a inspirat dintr-o faimoas\u0103 cuv\u00e2ntare a fostului pre\u0219edinte Traian B\u0103sescu, rostit\u0103 cu prilejul dezbaterii finale la alegerile din 2004, dar, bine\u00een\u021beles, actualizat\u0103 la situa\u021bia prezent\u0103 \u0219i piperat\u0103 cu umorul de rigoare.\u00a0<\/p>\n\n<p>\u00cen cadrul discursului s\u0103u, Marcel Ciolacu, liderul PSD, a mai subliniat importan\u021ba unui pre\u0219edinte al Rom\u00e2niei care s\u0103 fie liber de obliga\u021bii \u0219i \u00een\u021belegeri cu liderii politici, eviden\u021biind c\u0103 sus\u021binerea pentru Crin Antonescu provine din dorin\u021ba de a avea un lider dedicat exclusiv intereselor cet\u0103\u021benilor:\u00a0\u201eEu \u00eemi doresc un pre\u015fedinte pentru Rom\u00e2nia care s\u0103 nu aib\u0103 obliga\u0163ii, care s\u0103 nu aib\u0103 \u00een\u0163elegeri cu liderii politici. Crin Antonescu nu va avea nicio obliga\u0163ie fa\u0163\u0103 de niciun lider politic care \u00eel sus\u0163ine \u00een acest moment, pentru c\u0103 noi ne-am dus la Crin Antonescu. Crin Antonescu nu va avea nicio obliga\u0163ie fa\u0163\u0103 de PSD, PNL, UDMR sau minorit\u0103\u0163i, Crin Antonescu va avea o singur\u0103 obliga\u0163ie, aceea fa\u0163\u0103 de rom\u00e2ni. Rom\u00e2nii vor conduce politica lui Crin Antonescu \u015fi nu partidele politice \u015fi nu liderii politici, asta \u00eemi doresc eu de la viitorul pre\u015fedinte al Rom\u00e2niei: un om integru \u015fi nedator la nimeni\u201d, a spus liderul PSD.<\/p>\n<p><a title='Crin Antonescu, ironii la adresa contracadidatilor sai: ,,Tara e onesta Nicusor, problema e sa fii tu\" ' href=\"https:\/\/www.realitatea.net\/stiri\/actual\/crin-antonescu-ironii-la-adresa-contracadidasilor-sai-tara-e-onesta-nicusor-problema-e-sa-fii-tu_67fa36b01b69fe41836b5ed2\">Crin Antonescu, ironii la adresa contracadida\u021bilor s\u0103i: \u201e\u021aara e onest\u0103 Nicu\u0219or, problema e s\u0103 fii tu\u201d<\/a><\/p>","protected":false},"excerpt":{"rendered":"<p>\u201eSper c\u0103 nu suntem at\u00e2t de blestema\u0163i \u00eenc\u00e2t s\u0103 trebuiasc\u0103 s\u0103 alegem \u00eentre un pre\u015fedinte&hellip;<\/p>\n","protected":false},"author":0,"featured_media":46806,"comment_status":"open","ping_status":"open","sticky":false,"template":"","format":"standard","meta":{"footnotes":""},"categories":[2],"tags":[],"class_list":["post-46811","post","type-post","status-publish","format-standard","has-post-thumbnail","hentry","category-actual"],"_links":{"self":[{"href":"https:\/\/247stiri.ro\/index.php\/wp-json\/wp\/v2\/posts\/46811","targetHints":{"allow":["GET"]}}],"collection":[{"href":"https:\/\/247stiri.ro\/index.php\/wp-json\/wp\/v2\/posts"}],"about":[{"href":"https:\/\/247stiri.ro\/index.php\/wp-json\/wp\/v2\/types\/post"}],"replies":[{"embeddable":true,"href":"https:\/\/247stiri.ro\/index.php\/wp-json\/wp\/v2\/comments?post=46811"}],"version-history":[{"count":0,"href":"https:\/\/247stiri.ro\/index.php\/wp-json\/wp\/v2\/posts\/46811\/revisions"}],"wp:featuredmedia":[{"embeddable":true,"href":"https:\/\/247stiri.ro\/index.php\/wp-json\/wp\/v2\/media\/46806"}],"wp:attachment":[{"href":"https:\/\/247stiri.ro\/index.php\/wp-json\/wp\/v2\/media?parent=46811"}],"wp:term":[{"taxonomy":"category","embeddable":true,"href":"https:\/\/247stiri.ro\/index.php\/wp-json\/wp\/v2\/categories?post=46811"},{"taxonomy":"post_tag","embeddable":true,"href":"https:\/\/247stiri.ro\/index.php\/wp-json\/wp\/v2\/tags?post=46811"}],"curies":[{"name":"wp","href":"https:\/\/api.w.org\/{rel}","templated":true}]}}