{"id":46815,"date":"2025-04-12T10:44:58","date_gmt":"2025-04-12T10:44:58","guid":{"rendered":"https:\/\/247stiri.ro\/index.php\/2025\/04\/12\/crin-antonescu-ironii-la-adresa-contracadidatilor-sai-tara-e-onesta-nicusor-problema-e-sa-fii-tu\/"},"modified":"2025-04-12T10:44:58","modified_gmt":"2025-04-12T10:44:58","slug":"crin-antonescu-ironii-la-adresa-contracadidatilor-sai-tara-e-onesta-nicusor-problema-e-sa-fii-tu","status":"publish","type":"post","link":"https:\/\/247stiri.ro\/index.php\/2025\/04\/12\/crin-antonescu-ironii-la-adresa-contracadidatilor-sai-tara-e-onesta-nicusor-problema-e-sa-fii-tu\/","title":{"rendered":"Crin Antonescu, ironii la adresa contracadida\u021bilor s\u0103i: \u201e\u021aara e onest\u0103 Nicu\u0219or, problema e s\u0103 fii tu\u201d"},"content":{"rendered":"<p>\u201eNoi \u00eencerc\u0103m s\u0103 glumim ca s\u0103 ne facem via\u021ba mai suportabil\u0103, dar suntem \u00eentr-adev\u0103r \u00een situa\u021bia \u00een care to\u021bi ceilal\u021bi contracandida\u021bi, despre care s-a discutat public p\u00e2n\u0103 acum, nu au niciun program. Vorbesc to\u021bi \u00eencerc\u00e2nd s\u0103 \u00eei mint\u0103 pe oamenii nemul\u021bumi\u021bi de clasa politic\u0103, de actuala majoritate, de un personaj politic sau altul, c\u0103 pur \u0219i simplu vor schimba aceste lucruri, c\u0103 va fi lapte \u0219i miere, c\u0103 vor veni ni\u0219te oameni \u0219i ni\u0219te politicieni minunati, de care nu spun de unde \u00eei iau, cum \u00eei aduc \u0219i cine sunt.<\/p>\n<p>\u00cen fine, a\u0219 mai spune un lucru: Doza de echilibru, de decen\u021b\u0103, cred absolut necesar\u0103 oric\u0103rui pre\u0219edinte, \u0219i \u00een consecin\u021b\u0103 oric\u0103rui candidat care \u00eencearc\u0103 s\u0103 \u00eel arate oamenilor, lipse\u0219te. Oamenii nu au echilibru. Cum a spus domnul prim-ministru, Nicu\u0219or Dan d\u0103 prea pu\u021bin\u0103 ap\u0103, Ponta d\u0103 prea mult\u0103.<\/p>\n<p>Domnul Nicu\u0219or Dan afirm\u0103 \u0219i face un punct forte \u00een candidatura sa din faptul c\u0103 ar fi independent, din faptul c\u0103 nu ar fi bine s\u0103 fie asociat cu partide. Dar v\u0103 aminti\u021bi dumneavoastr\u0103 cum a \u00eenceput aceast\u0103 poveste? Domnul Nicu\u0219or Dan tocmai primise un vot masiv de la bucure\u0219teni, un vot pe care l-a cerut, pentru al doilea mandat de primar al general. L-a primit. Domnul Nicu\u0219or Dan mai ceruse, pentru c\u0103 era pus pe treab\u0103 la prim\u0103rie, \u0219i un referendum cu puteri sporite, practic cu to\u021bi banii, cu toate drepturile de semn\u0103tur\u0103, \u0219i l-a primit. Ce a f\u0103cut domnul Nicu\u0219or Dan? A anun\u021bat \u00eentr-o zi pur \u0219i simplu c\u0103 e candidat la pre\u0219edin\u021bia Rom\u00e2niei \u0219i a chemat, v\u0103 rog s\u0103 verifica\u021bi, a f\u0103cut apel la toate partidele, care or fi ele, PSD, PNL, oricine, s\u0103 \u00eel sus\u021bin\u0103. Deci dac\u0103 \u00eel sus\u021bineau aceste partide pe domnul Nicu\u0219or Dan, atunci erau bune, asocierea cu toate partidele era bun\u0103. Nu l-au sus\u021binut, \u0219i asist\u0103m la peisajul trist, jalnic, indecent, cu care domnul Nicu\u0219or Dan, asociat cu c\u00e2\u021biva intriganti, \u00eencearc\u0103 s\u0103 jefuiasc\u0103 o femeie f\u0103r\u0103 ap\u0103rare.<\/p>\n<p>Asta este peisajul \u00een acest moment. Eu am lansat un program, sunt de asemenea singurul candidat dispus s\u0103 discut, din respect nu at\u00e2t pentru contracandida\u021bi, de\u0219i pentru ei, \u00een ciuda acestor fapte, lipsa de ap\u0103, inunda\u021bii, ap\u0103rarea Belgradului, jefuirea bietei femei, dar totu\u0219i, \u00eei respect \u0219i pe ei, dar din respect pentru aleg\u0103tori, pentru c\u0103 un program este f\u0103cut pentru ca oamenii, prin intermediul jurnali\u0219tilor, prin intermediul \u00eent\u00e2lnirilor, s\u0103 discute acest program. De asemenea, sunt singurul candidat care am str\u0103b\u0103tut deja aproape \u00eentreaga \u021bar\u0103, am fost ieri \u0219i \u00een Republica Moldova, la fra\u021bii no\u0219tri, din partea de Rom\u00e2nie de dincolo, am fost de asemenea \u00een contact nu doar cu oameni din administra\u021bie, cu oameni politici din teritoriu, din jude\u021bele \u021b\u0103rii, \u0219i cu oameni din mediu de afaceri, cu oameni din mediul academic. Am v\u0103zut \u00eentreprinderi, fabrici, la Boto\u0219ani, la S\u0103cele, la Bra\u0219ov \u00een care am discutat cu oameni care lucreaz\u0103 acolo. Am f\u0103cut \u0219i voi face toate aceste lucruri pentru c\u0103 a candida este o chestiune de respect \u00een fa\u021ba compatriotilor t\u0103i. Iar acest respect nu este doar atunci c\u00e2nd \u00ee\u021bi scrii ceva pe o \u0219apc\u0103, acest respect nu e doar atunci c\u00e2nd \u00ee\u021bi faci afi\u0219e care str\u0103bat Londra, Paris, New York sau Los Angeles, despre \u021bara ta care va fi onest\u0103. P\u0103i \u021bara e onest\u0103, Nicu\u0219or, problema e s\u0103 fii tu\u201d, a spus Crin Antonescu.<\/p>\n<p>\u00a0<\/p>","protected":false},"excerpt":{"rendered":"<p>\u201eNoi \u00eencerc\u0103m s\u0103 glumim ca s\u0103 ne facem via\u021ba mai suportabil\u0103, dar suntem \u00eentr-adev\u0103r \u00een&hellip;<\/p>\n","protected":false},"author":0,"featured_media":46810,"comment_status":"open","ping_status":"open","sticky":false,"template":"","format":"standard","meta":{"footnotes":""},"categories":[2],"tags":[],"class_list":["post-46815","post","type-post","status-publish","format-standard","has-post-thumbnail","hentry","category-actual"],"_links":{"self":[{"href":"https:\/\/247stiri.ro\/index.php\/wp-json\/wp\/v2\/posts\/46815","targetHints":{"allow":["GET"]}}],"collection":[{"href":"https:\/\/247stiri.ro\/index.php\/wp-json\/wp\/v2\/posts"}],"about":[{"href":"https:\/\/247stiri.ro\/index.php\/wp-json\/wp\/v2\/types\/post"}],"replies":[{"embeddable":true,"href":"https:\/\/247stiri.ro\/index.php\/wp-json\/wp\/v2\/comments?post=46815"}],"version-history":[{"count":0,"href":"https:\/\/247stiri.ro\/index.php\/wp-json\/wp\/v2\/posts\/46815\/revisions"}],"wp:featuredmedia":[{"embeddable":true,"href":"https:\/\/247stiri.ro\/index.php\/wp-json\/wp\/v2\/media\/46810"}],"wp:attachment":[{"href":"https:\/\/247stiri.ro\/index.php\/wp-json\/wp\/v2\/media?parent=46815"}],"wp:term":[{"taxonomy":"category","embeddable":true,"href":"https:\/\/247stiri.ro\/index.php\/wp-json\/wp\/v2\/categories?post=46815"},{"taxonomy":"post_tag","embeddable":true,"href":"https:\/\/247stiri.ro\/index.php\/wp-json\/wp\/v2\/tags?post=46815"}],"curies":[{"name":"wp","href":"https:\/\/api.w.org\/{rel}","templated":true}]}}