{"id":46822,"date":"2025-04-12T12:44:49","date_gmt":"2025-04-12T12:44:49","guid":{"rendered":"https:\/\/247stiri.ro\/index.php\/2025\/04\/12\/reactia-lui-nicusor-dan-dupa-ce-doi-batrani-au-murit-intoxicati-cu-gaze-pentru-ca-au-vrut-sa-se-incalzeasca\/"},"modified":"2025-04-12T12:44:49","modified_gmt":"2025-04-12T12:44:49","slug":"reactia-lui-nicusor-dan-dupa-ce-doi-batrani-au-murit-intoxicati-cu-gaze-pentru-ca-au-vrut-sa-se-incalzeasca","status":"publish","type":"post","link":"https:\/\/247stiri.ro\/index.php\/2025\/04\/12\/reactia-lui-nicusor-dan-dupa-ce-doi-batrani-au-murit-intoxicati-cu-gaze-pentru-ca-au-vrut-sa-se-incalzeasca\/","title":{"rendered":"Reac\u021bia lui Nicu\u0219or Dan, dup\u0103 ce doi b\u0103tr\u00e2ni au murit intoxica\u021bi cu gaze pentru c\u0103 au vrut s\u0103 se \u00eencalzeasc\u0103"},"content":{"rendered":"<p>Jurnali\u0219tii l-au abordat pe Nicu\u0219or Dan, aflat la s\u0103rb\u0103toarea florilor de cire\u0219, \u00een parcul Her\u0103str\u0103u, \u0219i i-au pus \u00eentreb\u0103ri cu privire la c\u0103ldura din casele bucure\u0219tenilor, men\u021bion\u00e2nd tragedia celor doi b\u0103tr\u00e2ni.<\/p>\n<p>\u201e\u00cen primul r\u00e2nd condolean\u021be familiei. \u00cen al doilea r\u00e2nd, cred c\u0103 trebuie s\u0103 afl\u0103m cu to\u021bii rezultatele anchetei. M-am informat, a existat c\u0103ldur\u0103, doar c\u0103 sub parametrii, \u0219i \u00een opinia mea temperatura de afar\u0103 nu cred c\u0103 este critic\u0103. C\u00e2nd a fost temperatur\u0103 critic\u0103 niciodat\u0103 nu am oprit c\u0103ldura, de\u0219i erau avarii, pentru c\u0103 era critic\u0103.<\/p>\n<p>Noi avem cam 20 de \u0219antiere deschise \u00een momentul \u0103sta, \u00een patru ani \u0219i jum\u0103tate am schimbat 200 de kilometri de conduct\u0103 principal\u0103 fa\u021b\u0103 de 120 de kilometri care fuseser\u0103 schimba\u021bi \u00een to\u021bi anii dinaintea mea, \u0219i continui \u00een acela\u0219i fel. Anul trecut am avut 73 de kilometri, anul \u0103sta o sa facem 70-80, din an \u00een an o s\u0103 fie mai bine\u201d, a r\u0103spuns edilul Capitalei.<\/p>\n<p><a title=\"Tragedie in Bucuresti: Doi batrani au murit intoxicati cu gaze, dupa ce au vrut sa se incalzeasca\" href=\"https:\/\/www.realitatea.net\/stiri\/actual\/tragedie-in-bucuresti-doi-batrani-au-murit-intoxicati-cu-gaze-dupa-ce-au-vrut-sa-se-incalzeasca_67fa45a85d3add2f88498602\">Tragedie \u00een Bucure\u0219ti: Doi b\u0103tr\u00e2ni au murit intoxica\u021bi cu gaze, dup\u0103 ce au vrut s\u0103 se \u00eenc\u0103lzeasc\u0103<\/a><\/p>","protected":false},"excerpt":{"rendered":"<p>Jurnali\u0219tii l-au abordat pe Nicu\u0219or Dan, aflat la s\u0103rb\u0103toarea florilor de cire\u0219, \u00een parcul Her\u0103str\u0103u,&hellip;<\/p>\n","protected":false},"author":0,"featured_media":46823,"comment_status":"open","ping_status":"open","sticky":false,"template":"","format":"standard","meta":{"footnotes":""},"categories":[2],"tags":[],"class_list":["post-46822","post","type-post","status-publish","format-standard","has-post-thumbnail","hentry","category-actual"],"_links":{"self":[{"href":"https:\/\/247stiri.ro\/index.php\/wp-json\/wp\/v2\/posts\/46822","targetHints":{"allow":["GET"]}}],"collection":[{"href":"https:\/\/247stiri.ro\/index.php\/wp-json\/wp\/v2\/posts"}],"about":[{"href":"https:\/\/247stiri.ro\/index.php\/wp-json\/wp\/v2\/types\/post"}],"replies":[{"embeddable":true,"href":"https:\/\/247stiri.ro\/index.php\/wp-json\/wp\/v2\/comments?post=46822"}],"version-history":[{"count":0,"href":"https:\/\/247stiri.ro\/index.php\/wp-json\/wp\/v2\/posts\/46822\/revisions"}],"wp:featuredmedia":[{"embeddable":true,"href":"https:\/\/247stiri.ro\/index.php\/wp-json\/wp\/v2\/media\/46823"}],"wp:attachment":[{"href":"https:\/\/247stiri.ro\/index.php\/wp-json\/wp\/v2\/media?parent=46822"}],"wp:term":[{"taxonomy":"category","embeddable":true,"href":"https:\/\/247stiri.ro\/index.php\/wp-json\/wp\/v2\/categories?post=46822"},{"taxonomy":"post_tag","embeddable":true,"href":"https:\/\/247stiri.ro\/index.php\/wp-json\/wp\/v2\/tags?post=46822"}],"curies":[{"name":"wp","href":"https:\/\/api.w.org\/{rel}","templated":true}]}}