{"id":46831,"date":"2025-04-12T13:45:00","date_gmt":"2025-04-12T13:45:00","guid":{"rendered":"https:\/\/247stiri.ro\/index.php\/2025\/04\/12\/reactie-bomba-consilierul-lui-bolojan-si-relatia-cu-soros-ce-spune-dacian-ciolos\/"},"modified":"2025-04-12T13:45:00","modified_gmt":"2025-04-12T13:45:00","slug":"reactie-bomba-consilierul-lui-bolojan-si-relatia-cu-soros-ce-spune-dacian-ciolos","status":"publish","type":"post","link":"https:\/\/247stiri.ro\/index.php\/2025\/04\/12\/reactie-bomba-consilierul-lui-bolojan-si-relatia-cu-soros-ce-spune-dacian-ciolos\/","title":{"rendered":"Reac\u021bie BOMB\u0102: consilierul lui Bolojan \u0219i rela\u021bia cu Soro\u0219. Ce spune Dacian Ciolo\u0219"},"content":{"rendered":"<p><a href=\"https:\/\/www.realitatea.net\/stiri\/actual\/jocuri-de-culise-cum-a-ajuns-dacian-ciolos-la-palatul-cotroceni-omul-lui-bolojan-are-legaturi-cu-gregorian-bivolaru-cum-a-fost-prins-in-spirala_67ddce7e75a9cd2c0b561a46\" target=\"_blank\">Actualul consilier<\/a> al lui Bolojan a ales o exprimare care pune pe mas\u0103 inclusiv <a href=\"https:\/\/www.realitatea.net\/stiri\/politica\/dacian-ciolos-despre-ascensiunea-fulminanta-a-lui-calin-georgescu-a-profitat-de-slabiciunile-lui-simion_6744a7cf0364863f6b42e042\" target=\"_blank\">scenariul<\/a> \u00een care miliardarul globalist l-ar fi finan\u021bat \u0219i pe el.\u00a0<\/p>\n<p>Ciolo\u0219: \u201eSoro\u0219 nu e \u00een spatele meu, ci \u00een buzunarul meu!\u201d<\/p>\n<p>\u201eNu e \u00een spatele meu, e \u00een buzunarul meu domnul Soro\u0219. Mereu prin \u0219osete \u00eel mai \u021bin pe acolo ca s\u0103 pot s\u0103-l scot la iveal\u0103 atunci c\u00e2nd unii n-au subiecte \u0219i vor s\u0103 se amuze.<\/p>\n<p>Eu vreau s\u0103 \u0219tiu care e acuza\u021bia, doamn\u0103, c\u0103 pove\u0219ti din astea tot aud de ani de zile&#8230; ce a f\u0103cut domnul Soro\u0219 cu mine&#8230; de pozat nu s-a pozat cu mine s-a pozat cu Ponta la un moment dat&#8230; cu Corina Cre\u021bu.\u201d<\/p>","protected":false},"excerpt":{"rendered":"<p>Actualul consilier al lui Bolojan a ales o exprimare care pune pe mas\u0103 inclusiv scenariul&hellip;<\/p>\n","protected":false},"author":0,"featured_media":46832,"comment_status":"open","ping_status":"open","sticky":false,"template":"","format":"standard","meta":{"footnotes":""},"categories":[3],"tags":[],"class_list":["post-46831","post","type-post","status-publish","format-standard","has-post-thumbnail","hentry","category-politica"],"_links":{"self":[{"href":"https:\/\/247stiri.ro\/index.php\/wp-json\/wp\/v2\/posts\/46831","targetHints":{"allow":["GET"]}}],"collection":[{"href":"https:\/\/247stiri.ro\/index.php\/wp-json\/wp\/v2\/posts"}],"about":[{"href":"https:\/\/247stiri.ro\/index.php\/wp-json\/wp\/v2\/types\/post"}],"replies":[{"embeddable":true,"href":"https:\/\/247stiri.ro\/index.php\/wp-json\/wp\/v2\/comments?post=46831"}],"version-history":[{"count":0,"href":"https:\/\/247stiri.ro\/index.php\/wp-json\/wp\/v2\/posts\/46831\/revisions"}],"wp:featuredmedia":[{"embeddable":true,"href":"https:\/\/247stiri.ro\/index.php\/wp-json\/wp\/v2\/media\/46832"}],"wp:attachment":[{"href":"https:\/\/247stiri.ro\/index.php\/wp-json\/wp\/v2\/media?parent=46831"}],"wp:term":[{"taxonomy":"category","embeddable":true,"href":"https:\/\/247stiri.ro\/index.php\/wp-json\/wp\/v2\/categories?post=46831"},{"taxonomy":"post_tag","embeddable":true,"href":"https:\/\/247stiri.ro\/index.php\/wp-json\/wp\/v2\/tags?post=46831"}],"curies":[{"name":"wp","href":"https:\/\/api.w.org\/{rel}","templated":true}]}}