{"id":46833,"date":"2025-04-12T13:45:01","date_gmt":"2025-04-12T13:45:01","guid":{"rendered":"https:\/\/247stiri.ro\/index.php\/2025\/04\/12\/accident-rutier-cumplit-pe-dn2-in-judetul-bacau-un-tanar-a-patruns-pe-contrasens-si-a-provocat-un-impact-frontal\/"},"modified":"2025-04-12T13:45:01","modified_gmt":"2025-04-12T13:45:01","slug":"accident-rutier-cumplit-pe-dn2-in-judetul-bacau-un-tanar-a-patruns-pe-contrasens-si-a-provocat-un-impact-frontal","status":"publish","type":"post","link":"https:\/\/247stiri.ro\/index.php\/2025\/04\/12\/accident-rutier-cumplit-pe-dn2-in-judetul-bacau-un-tanar-a-patruns-pe-contrasens-si-a-provocat-un-impact-frontal\/","title":{"rendered":"Accident RUTIER cumplit pe DN2 \u00een jude\u021bul Bac\u0103u: un t\u00e2n\u0103r a p\u0103truns pe contrasens \u0219i a provocat un impact frontal"},"content":{"rendered":"<p>Tragedia rutier\u0103 s-a produs dup\u0103 ce un t\u00e2n\u0103r de 25 de ani, din jude\u021bul Vrancea, aflat la volanul unui autoturism care se deplasa dinspre Bac\u0103u c\u0103tre Roman, a pierdut controlul direc\u021biei \u0219i a p\u0103truns pe sensul opus de mers. Acolo, ma\u0219ina sa s-a izbit violent de un alt autoturism condus regulamentar de un b\u0103rbat de 32 de ani din municipiul Bac\u0103u.<\/p>\n<p>Accident pe DN2<\/p>\n<p><a href=\"https:\/\/www.realitatea.net\/stiri\/actual\/accident-cumplit-intre-tren-si-masina-o-femeie-a-murit_67f9e5e45fe8c7043739ac92\" target=\"_blank\">Impactul a fost devastator<\/a>, provoc\u00e2nd distrugeri majore ambelor vehicule \u0219i r\u0103nirea grav\u0103 a celor doi conduc\u0103tori auto. Potrivit Inspectoratului pentru Situa\u021bii de Urgen\u021b\u0103 Bac\u0103u, unul dintre \u0219oferi a r\u0103mas \u00eencarcerat \u00een urma coliziunii, suferind politraumatisme \u0219i o fractur\u0103 deschis\u0103 la unul dintre picioare. Victima a fost extras\u0103 dintre fiarele contorsionate de c\u0103tre echipele de salvatori \u0219i preluat\u0103 ulterior de un echipaj al Serviciului de Ambulan\u021b\u0103 Jude\u021bean.<\/p>\n<p>Cel de-al doilea conduc\u0103tor auto, de\u0219i nu era \u00eencarcerat, a avut nevoie \u0219i el de \u00eengrijiri medicale urgente, prezent\u00e2nd multiple traumatisme \u00een urma accidentului.<\/p>\n<p>At\u00e2t Poli\u021bia Rutier\u0103, c\u00e2t \u0219i echipajele de interven\u021bie au confirmat c\u0103 niciunul dintre \u0219oferi nu consumase alcool \u00eenainte de producerea accidentului, conform rezultatelor testelor de alcoolemie efectuate la fa\u021ba locului.<\/p>\n<p>Poli\u021bi\u0219tii au deschis un<a href=\"https:\/\/www.realitatea.net\/stiri\/actual\/tragedie-pe-dn6-un-barbat-cu-dizabilitati-a-murit-dupa-ce-a-fost-lovit-de-o-masina-pe-trecerea-de-pietoni_67f830cc4fa39c11b6219942\" target=\"_blank\"> dosar penal pentru v\u0103t\u0103mare corporal\u0103 din culp\u0103<\/a>, urm\u00e2nd ca ancheta s\u0103 stabileasc\u0103 cu exactitate cauzele \u0219i \u00eemprejur\u0103rile \u00een care s-a produs accidentul.<\/p>\n<p>Traficul \u00een zon\u0103 a fost \u00eengreunat temporar pentru a permite interven\u021bia echipajelor de salvare \u0219i desf\u0103\u0219urarea cercet\u0103rilor la fa\u021ba locului.<\/p>","protected":false},"excerpt":{"rendered":"<p>Tragedia rutier\u0103 s-a produs dup\u0103 ce un t\u00e2n\u0103r de 25 de ani, din jude\u021bul Vrancea,&hellip;<\/p>\n","protected":false},"author":0,"featured_media":46834,"comment_status":"open","ping_status":"open","sticky":false,"template":"","format":"standard","meta":{"footnotes":""},"categories":[2],"tags":[],"class_list":["post-46833","post","type-post","status-publish","format-standard","has-post-thumbnail","hentry","category-actual"],"_links":{"self":[{"href":"https:\/\/247stiri.ro\/index.php\/wp-json\/wp\/v2\/posts\/46833","targetHints":{"allow":["GET"]}}],"collection":[{"href":"https:\/\/247stiri.ro\/index.php\/wp-json\/wp\/v2\/posts"}],"about":[{"href":"https:\/\/247stiri.ro\/index.php\/wp-json\/wp\/v2\/types\/post"}],"replies":[{"embeddable":true,"href":"https:\/\/247stiri.ro\/index.php\/wp-json\/wp\/v2\/comments?post=46833"}],"version-history":[{"count":0,"href":"https:\/\/247stiri.ro\/index.php\/wp-json\/wp\/v2\/posts\/46833\/revisions"}],"wp:featuredmedia":[{"embeddable":true,"href":"https:\/\/247stiri.ro\/index.php\/wp-json\/wp\/v2\/media\/46834"}],"wp:attachment":[{"href":"https:\/\/247stiri.ro\/index.php\/wp-json\/wp\/v2\/media?parent=46833"}],"wp:term":[{"taxonomy":"category","embeddable":true,"href":"https:\/\/247stiri.ro\/index.php\/wp-json\/wp\/v2\/categories?post=46833"},{"taxonomy":"post_tag","embeddable":true,"href":"https:\/\/247stiri.ro\/index.php\/wp-json\/wp\/v2\/tags?post=46833"}],"curies":[{"name":"wp","href":"https:\/\/api.w.org\/{rel}","templated":true}]}}