{"id":46835,"date":"2025-04-12T14:45:14","date_gmt":"2025-04-12T14:45:14","guid":{"rendered":"https:\/\/247stiri.ro\/index.php\/2025\/04\/12\/exclusiv-bec-a-interzis-clipurile-usr-lasconi-reactioneaza-am-fost-cu-ei-la-starea-civila-si-la-biserica-au-schimbat-candidatul\/"},"modified":"2025-04-12T14:45:14","modified_gmt":"2025-04-12T14:45:14","slug":"exclusiv-bec-a-interzis-clipurile-usr-lasconi-reactioneaza-am-fost-cu-ei-la-starea-civila-si-la-biserica-au-schimbat-candidatul","status":"publish","type":"post","link":"https:\/\/247stiri.ro\/index.php\/2025\/04\/12\/exclusiv-bec-a-interzis-clipurile-usr-lasconi-reactioneaza-am-fost-cu-ei-la-starea-civila-si-la-biserica-au-schimbat-candidatul\/","title":{"rendered":"EXCLUSIV: BEC a interzis clipurile USR. Lasconi reac\u021bioneaz\u0103: \u201eAm fost cu ei la starea civil\u0103 \u0219i la biseric\u0103 au schimbat candidatul!\u201d"},"content":{"rendered":"<p>\u201eNu este f\u0103r\u0103 precedent! Este f\u0103r\u0103 precedent ce au f\u0103cut c\u00e2\u021biva in\u0219i din USR \u0219i c\u00e2nd spun asta nu m\u0103 refer la tot USR-ul pentru c\u0103 USR-ul este format din peste 20.000 de membri. Sunt foarte mul\u021bi oameni \u00een momentul \u0103sta \u00een strad\u0103, care \u00eemi fac campanie. Ideea este c\u0103 era previzibil\u0103 o asemenea decizie a BEC \u0219i cred c\u0103 nu \u0219i-au dat seama \u0219i nu s-au consultat \u00eenainte cu nimeni de la juridic pentru c\u0103 eu \u0219tiu c\u0103 s\u0103pt\u0103m\u00e2na viitoare o s\u0103-mi fac dreptate. O s\u0103 am acces \u0219i la resurse \u0219i la absolut tot pentru a-mi continua campania.\u201d, a zis Elena Lasconi.\u00a0<\/p>\n<p>\u201eCa s\u0103 v\u0103 face\u021bi o idee, ce au f\u0103cut ei, o s\u0103 v\u0103 r\u0103spund. E ca \u0219i cum am fost \u00eempreun\u0103 la starea civil\u0103, dup\u0103 care ne-am pl\u0103tit restaurantul \u0219i l\u0103utarii \u0219i c\u00e2nd ne-am dus \u00een fa\u021ba preotului&#8230;au schimbat candidatul, au schimbat so\u021bia, ca s\u0103 zic a\u0219a. Cam asta au f\u0103cut ei \u0219i sunt \u00eencrez\u0103toare pentru c\u0103 sunt \u0219i foarte lupt\u0103toare \u0219i \u00eentotdeauna am luptat pentru dreptate, pentru statul de drept \u0219i pentru democra\u021bie \u0219i sunt absolut sigur\u0103 c\u0103 s\u0103pt\u0103m\u00e2na viitoare o s\u0103 am \u0219i o ordonan\u021b\u0103 preziden\u021bial\u0103, o s\u0103 se regleze lucrurile \u0219i vreau s\u0103-i \u00eencurajez pe colegii mei s\u0103 continue s\u0103 fac\u0103 campanie. Nu pot s\u0103 fac\u0103 campanie pentru un alt candidat. Nu \u00een\u021beleg de ce au declan\u0219at o asemenea bomb\u0103 care este extrem, extrem de periculoas\u0103 pentru statul de drept \u0219i pentru democra\u021bia din Rom\u00e2nia. A\u0219 vrea s\u0103 fi\u021bi foarte aten\u021bi, c\u0103 anul trecut s-au anulat alegerile, iar \u00een decizie spuneau foarte clar c\u0103 au fost viciate alegerile pentru c\u0103 aleg\u0103torii au fost \u00een\u0219ela\u021bi.<\/p>\n<p>Eu am \u00eencercat, din punct de vedere juridic, m-am interesat (pentru reluarea turului doi) \u0219i am vorbit cu o gr\u0103mad\u0103 de avoca\u021bi \u00een acest sens&#8230;pentru c\u0103 aceast\u0103 decizie a fost luat\u0103 de Curtea Constitu\u021bional\u0103 eu nu mai puteam s\u0103 atac. Dac\u0103 era luat\u0103 de BEC, a\u0219 fi putut s\u0103 am p\u00e2rghiile necesare s\u0103 m\u0103 ap\u0103r, dar pe de alt\u0103 parte consider c\u0103 nedreptatea pentru mine a fost foarte mare.\u00a0<\/p>\n<p>Am jucat corect, am avut codurile, acelea CNS-urile pe afi\u0219e, pe toate materialele pe care le-am f\u0103cut, cu transparen\u021b\u0103 \u00een cheltuirea banilor&#8230;a fost foarte dur pentru mine.\u201d, a completat Elena Lasconi.<\/p>","protected":false},"excerpt":{"rendered":"<p>\u201eNu este f\u0103r\u0103 precedent! Este f\u0103r\u0103 precedent ce au f\u0103cut c\u00e2\u021biva in\u0219i din USR \u0219i&hellip;<\/p>\n","protected":false},"author":0,"featured_media":46836,"comment_status":"open","ping_status":"open","sticky":false,"template":"","format":"standard","meta":{"footnotes":""},"categories":[3],"tags":[],"class_list":["post-46835","post","type-post","status-publish","format-standard","has-post-thumbnail","hentry","category-politica"],"_links":{"self":[{"href":"https:\/\/247stiri.ro\/index.php\/wp-json\/wp\/v2\/posts\/46835","targetHints":{"allow":["GET"]}}],"collection":[{"href":"https:\/\/247stiri.ro\/index.php\/wp-json\/wp\/v2\/posts"}],"about":[{"href":"https:\/\/247stiri.ro\/index.php\/wp-json\/wp\/v2\/types\/post"}],"replies":[{"embeddable":true,"href":"https:\/\/247stiri.ro\/index.php\/wp-json\/wp\/v2\/comments?post=46835"}],"version-history":[{"count":0,"href":"https:\/\/247stiri.ro\/index.php\/wp-json\/wp\/v2\/posts\/46835\/revisions"}],"wp:featuredmedia":[{"embeddable":true,"href":"https:\/\/247stiri.ro\/index.php\/wp-json\/wp\/v2\/media\/46836"}],"wp:attachment":[{"href":"https:\/\/247stiri.ro\/index.php\/wp-json\/wp\/v2\/media?parent=46835"}],"wp:term":[{"taxonomy":"category","embeddable":true,"href":"https:\/\/247stiri.ro\/index.php\/wp-json\/wp\/v2\/categories?post=46835"},{"taxonomy":"post_tag","embeddable":true,"href":"https:\/\/247stiri.ro\/index.php\/wp-json\/wp\/v2\/tags?post=46835"}],"curies":[{"name":"wp","href":"https:\/\/api.w.org\/{rel}","templated":true}]}}