{"id":46839,"date":"2025-04-12T14:45:17","date_gmt":"2025-04-12T14:45:17","guid":{"rendered":"https:\/\/247stiri.ro\/index.php\/2025\/04\/12\/scene-terifiante-intr-un-tren-din-romania-un-barbat-s-a-dezbracat-in-fata-unei-pasagere-aflata-in-acelasi-compartiment\/"},"modified":"2025-04-12T14:45:17","modified_gmt":"2025-04-12T14:45:17","slug":"scene-terifiante-intr-un-tren-din-romania-un-barbat-s-a-dezbracat-in-fata-unei-pasagere-aflata-in-acelasi-compartiment","status":"publish","type":"post","link":"https:\/\/247stiri.ro\/index.php\/2025\/04\/12\/scene-terifiante-intr-un-tren-din-romania-un-barbat-s-a-dezbracat-in-fata-unei-pasagere-aflata-in-acelasi-compartiment\/","title":{"rendered":"Scene terifiante \u00eentr-un tren din Rom\u00e2nia: un b\u0103rbat s-a dezbr\u0103cat \u00een fa\u021ba unei pasagere aflat\u0103 \u00een acela\u0219i compartiment"},"content":{"rendered":"<p>Ce au transmis oamenii legii?<\/p>\n<p><a href=\"https:\/\/www.realitatea.net\/stiri\/actual\/accident-cumplit-intre-tren-si-masina-o-femeie-a-murit_67f9e5e45fe8c7043739ac92\" target=\"_blank\">Potrivit informa\u021biilor transmise<\/a> de Inspectoratul de Poli\u021bie Jude\u021bean Alba, individul se afla \u00een acela\u0219i compartiment de tren cu o femeie de 32 de ani. \u00cen timpul c\u0103l\u0103toriei, acesta ar fi adoptat un comportament indecent, dezbr\u0103c\u00e2ndu-se \u00een fa\u021ba femeii \u0219i provoc\u00e2ndu-i acesteia o stare de indignare \u0219i disconfort profund.<\/p>\n<p>Sesizarea a fost f\u0103cut\u0103 imediat de c\u0103tre victim\u0103, iar la fa\u021ba locului au intervenit poli\u021bi\u0219tii de la Postul de Poli\u021bie Transport Feroviar Teiu\u0219. Ace\u0219tia l-au identificat pe suspect, un b\u0103rbat domiciliat \u00een localitatea Filipe\u0219tii de P\u0103dure, jude\u021bul Prahova, \u0219i l-au re\u021binut pentru 24 de ore.<\/p>\n<p>Acesta este cercetat penal pentru s\u0103v\u00e2r\u0219irea infrac\u021biunii de ultraj contra bunelor moravuri, fapt\u0103 prev\u0103zut\u0103 de Codul Penal. Ancheta continu\u0103 pentru a se stabili toate circumstan\u021bele \u00een care s-a petrecut incidentul.<\/p>\n<p><a href=\"https:\/\/www.realitatea.net\/stiri\/actual\/un-tren-de-pe-ruta-budapestabucuresti-cu-400-de-calatori-la-bord-implicat-intrun-accident-grav-la-busteni_67f8e9b447d11b4bd3411e65\" target=\"_blank\">Autorit\u0103\u021bile reamintesc<\/a> c\u0103 astfel de comportamente nu sunt tolerate \u0219i \u00eencurajeaz\u0103 persoanele care sunt martore sau victime ale unor fapte similare s\u0103 apeleze de urgen\u021b\u0103 la 112 sau s\u0103 sesizeze cea mai apropiat\u0103 unitate de poli\u021bie.<\/p>","protected":false},"excerpt":{"rendered":"<p>Ce au transmis oamenii legii? Potrivit informa\u021biilor transmise de Inspectoratul de Poli\u021bie Jude\u021bean Alba, individul&hellip;<\/p>\n","protected":false},"author":0,"featured_media":46840,"comment_status":"open","ping_status":"open","sticky":false,"template":"","format":"standard","meta":{"footnotes":""},"categories":[2],"tags":[],"class_list":["post-46839","post","type-post","status-publish","format-standard","has-post-thumbnail","hentry","category-actual"],"_links":{"self":[{"href":"https:\/\/247stiri.ro\/index.php\/wp-json\/wp\/v2\/posts\/46839","targetHints":{"allow":["GET"]}}],"collection":[{"href":"https:\/\/247stiri.ro\/index.php\/wp-json\/wp\/v2\/posts"}],"about":[{"href":"https:\/\/247stiri.ro\/index.php\/wp-json\/wp\/v2\/types\/post"}],"replies":[{"embeddable":true,"href":"https:\/\/247stiri.ro\/index.php\/wp-json\/wp\/v2\/comments?post=46839"}],"version-history":[{"count":0,"href":"https:\/\/247stiri.ro\/index.php\/wp-json\/wp\/v2\/posts\/46839\/revisions"}],"wp:featuredmedia":[{"embeddable":true,"href":"https:\/\/247stiri.ro\/index.php\/wp-json\/wp\/v2\/media\/46840"}],"wp:attachment":[{"href":"https:\/\/247stiri.ro\/index.php\/wp-json\/wp\/v2\/media?parent=46839"}],"wp:term":[{"taxonomy":"category","embeddable":true,"href":"https:\/\/247stiri.ro\/index.php\/wp-json\/wp\/v2\/categories?post=46839"},{"taxonomy":"post_tag","embeddable":true,"href":"https:\/\/247stiri.ro\/index.php\/wp-json\/wp\/v2\/tags?post=46839"}],"curies":[{"name":"wp","href":"https:\/\/api.w.org\/{rel}","templated":true}]}}