{"id":46841,"date":"2025-04-12T15:45:19","date_gmt":"2025-04-12T15:45:19","guid":{"rendered":"https:\/\/247stiri.ro\/index.php\/2025\/04\/12\/drama-tacuta-a-mirabelei-dauer-nu-are-nicio-legatura-cu-fiul-ei-si-nu-si-a-cunoscut-niciodata-nepoata\/"},"modified":"2025-04-12T15:45:19","modified_gmt":"2025-04-12T15:45:19","slug":"drama-tacuta-a-mirabelei-dauer-nu-are-nicio-legatura-cu-fiul-ei-si-nu-si-a-cunoscut-niciodata-nepoata","status":"publish","type":"post","link":"https:\/\/247stiri.ro\/index.php\/2025\/04\/12\/drama-tacuta-a-mirabelei-dauer-nu-are-nicio-legatura-cu-fiul-ei-si-nu-si-a-cunoscut-niciodata-nepoata\/","title":{"rendered":"Drama t\u0103cut\u0103 a Mirabelei Dauer: nu are nicio leg\u0103tur\u0103 cu fiul ei \u0219i nu \u0219i-a cunoscut niciodat\u0103 nepoata"},"content":{"rendered":"<p>Via\u021ba profesional\u0103<a href=\"https:\/\/www.realitatea.net\/stiri\/actual\/motivul-pentru-care-mirabela-dauer-cumpara-haine-compulsiv-marturisiri-emotionante-ale-artistei_67011ef9cea4ee502b0a0196\" target=\"_blank\"> a Mirabelei Dauer<\/a> a fost una str\u0103lucitoare, cu o carier\u0103 construit\u0103 prin munc\u0103, talent \u0219i d\u0103ruire. \u00cens\u0103, dincolo de lumina reflectoarelor, c\u00e2nt\u0103rea\u021ba a trecut prin momente de cump\u0103n\u0103 profund\u0103 \u00een plan personal. \u00centr-un moment de sinceritate, \u00een cadrul unui interviu acordat lui Damian Dr\u0103ghici, artista a vorbit deschis despre ruptura definitiv\u0103 de fiul s\u0103u, rezultat din cel de-al doilea mariaj.<\/p>\n<p>O desp\u0103r\u021bire dureroas\u0103 \u0219i o pierdere greu de reparat<\/p>\n<p>Mirabela Dauer a povestit c\u0103 mariajul cu tat\u0103l fiului ei a fost marcat de abuzuri emo\u021bionale \u0219i fizice. Dup\u0103 divor\u021b, vedeta nu doar c\u0103 a fost nevoit\u0103 s\u0103-\u0219i reconstruiasc\u0103 via\u021ba de la zero, dar a pierdut \u0219i custodia copilului. Potrivit declara\u021biilor sale, b\u0103iatului i s-ar fi spus, pe atunci, c\u0103 mama lui a murit, pentru a-i fi interzis orice contact cu ea.\u00a0<\/p>\n<p>\u201eAm sc\u0103pat, f\u0103r\u0103 copil, am f\u0103cut un \u0219oc. Am fost pu\u021bin bolnav\u0103. Nu m\u0103 interesa nimic, pentru c\u0103 nici nimic nu am luat, nici \u00een cas\u0103. S-a dus executorul dup\u0103 proces, nea Costic\u0103, care a fost ulterior avocatul meu, a fost exasperat de ceea ce auzit \u00een aceste procese \u0219i a preluat el. S-a dus cu executorul \u00een casa \u00een care st\u0103team eu, am f\u0103cut un apartament, am lucrat \u0219i la imobiliare. Nu era nimic acas\u0103. Pusese tot ce era \u00een cas\u0103 pe bloc. S\u0103 se duc\u0103 avocatul acolo? \u0218i am r\u0103mas cu nimic. Asta a fost cel mai important (nr. a r\u0103mas f\u0103r\u0103 copil). Am c\u0103utat, nu s-a putut. (&#8230;) Cum \u00eei spunea ea, gagica lui tata lui dar \u0219i el, c\u0103 era beat \u0219i nu mai \u0219tia ce spune: Au spus copiii c\u0103 a fost mama la televizor.&#8217; \u201eNu e, a murit, sunt \u00eenregistr\u0103ri vechi&#8217;.&#8217;, a spus Mirabela Dauer \u00een podcastul lui Damian Dr\u0103ghici.<\/p>\n<p>Un prezent f\u0103r\u0103 reconciliere<\/p>\n<p>Ast\u0103zi, fiul ei are 48 de ani \u0219i este, la r\u00e2ndul s\u0103u, tat\u0103. \u00cens\u0103 rela\u021bia dintre el \u0219i mama sa nu s-a reparat niciodat\u0103. Mirabela Dauer sus\u021bine c\u0103 a auzit lucruri dureroase despre ea chiar din gura fiului s\u0103u \u0219i, din acest motiv, nu mai dore\u0219te s\u0103 reia leg\u0103tura cu el. \u201eEl nu vrea, nici eu nu mai vreau. Nu pot trece peste ce am aflat\u201d, a m\u0103rturisit artista.<\/p>\n<p>De\u0219i statutul de bunic\u0103 ar fi putut aduce o raz\u0103 de lumin\u0103 \u00een via\u021ba artistei, Mirabela Dauer nu \u0219i-a v\u0103zut niciodat\u0103 nepoata. \u00centrebat\u0103 despre acest lucru, ea a r\u0103spuns simplu, dar ferm: \u201eNu, nu o cunosc. Nu a existat niciodat\u0103 o punte de leg\u0103tur\u0103.\u201d<\/p>\n<p><a href=\"https:\/\/www.realitatea.net\/stiri\/monden\/ce-etnie-are-mirabela-dauer-putini-fani-cunosc-acest-aspect-al-artistei_669e35381ac9b633b43eac1a\" target=\"_blank\">Povestea Mirabelei Dauer<\/a> este una care arat\u0103 c\u0103, \u00een ciuda faimei \u0219i succesului, via\u021ba poate aduce suferin\u021be profunde, iar vindecarea emo\u021bional\u0103 nu vine \u00eentotdeauna odat\u0103 cu trecerea timpului. \u00cen ciuda durerii, artista continu\u0103 s\u0103 r\u0103m\u00e2n\u0103 un reper \u00een muzica rom\u00e2neasc\u0103 \u0219i un simbol al puterii feminine.<\/p>","protected":false},"excerpt":{"rendered":"<p>Via\u021ba profesional\u0103 a Mirabelei Dauer a fost una str\u0103lucitoare, cu o carier\u0103 construit\u0103 prin munc\u0103,&hellip;<\/p>\n","protected":false},"author":0,"featured_media":46842,"comment_status":"open","ping_status":"open","sticky":false,"template":"","format":"standard","meta":{"footnotes":""},"categories":[8],"tags":[],"class_list":["post-46841","post","type-post","status-publish","format-standard","has-post-thumbnail","hentry","category-lifestyle"],"_links":{"self":[{"href":"https:\/\/247stiri.ro\/index.php\/wp-json\/wp\/v2\/posts\/46841","targetHints":{"allow":["GET"]}}],"collection":[{"href":"https:\/\/247stiri.ro\/index.php\/wp-json\/wp\/v2\/posts"}],"about":[{"href":"https:\/\/247stiri.ro\/index.php\/wp-json\/wp\/v2\/types\/post"}],"replies":[{"embeddable":true,"href":"https:\/\/247stiri.ro\/index.php\/wp-json\/wp\/v2\/comments?post=46841"}],"version-history":[{"count":0,"href":"https:\/\/247stiri.ro\/index.php\/wp-json\/wp\/v2\/posts\/46841\/revisions"}],"wp:featuredmedia":[{"embeddable":true,"href":"https:\/\/247stiri.ro\/index.php\/wp-json\/wp\/v2\/media\/46842"}],"wp:attachment":[{"href":"https:\/\/247stiri.ro\/index.php\/wp-json\/wp\/v2\/media?parent=46841"}],"wp:term":[{"taxonomy":"category","embeddable":true,"href":"https:\/\/247stiri.ro\/index.php\/wp-json\/wp\/v2\/categories?post=46841"},{"taxonomy":"post_tag","embeddable":true,"href":"https:\/\/247stiri.ro\/index.php\/wp-json\/wp\/v2\/tags?post=46841"}],"curies":[{"name":"wp","href":"https:\/\/api.w.org\/{rel}","templated":true}]}}