{"id":46843,"date":"2025-04-12T15:45:22","date_gmt":"2025-04-12T15:45:22","guid":{"rendered":"https:\/\/247stiri.ro\/index.php\/2025\/04\/12\/lasconi-nedreptatea-a-fost-foarte-mare-eu-am-jucat-corect-am-vorbit-cu-avocatii-cand-s-a-anulat-turul-2\/"},"modified":"2025-04-12T15:45:22","modified_gmt":"2025-04-12T15:45:22","slug":"lasconi-nedreptatea-a-fost-foarte-mare-eu-am-jucat-corect-am-vorbit-cu-avocatii-cand-s-a-anulat-turul-2","status":"publish","type":"post","link":"https:\/\/247stiri.ro\/index.php\/2025\/04\/12\/lasconi-nedreptatea-a-fost-foarte-mare-eu-am-jucat-corect-am-vorbit-cu-avocatii-cand-s-a-anulat-turul-2\/","title":{"rendered":"Lasconi: \u201eNedreptatea a fost foarte mare. Eu am jucat corect! Am vorbit cu avoca\u021bii c\u00e2nd s-a anulat turul 2\u201d"},"content":{"rendered":"<p>Lasconi: \u201eAm fost cu USR la starea civil\u0103, dar au ales alt\u0103 so\u021bie!\u201d<\/p>\n<p>\u201eEra previzibil\u0103 o asemenea decizie a BEC \u0219i cred c\u0103 nu \u0219i-au dat seama \u0219i nu s-au consultat cu nimeni de la juridic, eu \u0219tiu c\u0103 s\u0103pt\u0103m\u00e2na viitoare \u00eemi fac dreptate \u0219i o s\u0103 am acces \u0219i la resurse, la absolut tot pentru a-mi continua campania.<\/p>\n<p>Crede\u021bi c\u0103 era mai bine dac\u0103 se relua turul 2? Din punct de vedere juridic m-am interesat \u0219i am vorbit cu o gr\u0103mad\u0103 de avoca\u021bi \u00een acest sens pentru c\u0103 decizia a fost luat\u0103 de CCR, eu numai puteam s\u0103 atac, dac\u0103 era luat\u0103 de BEC a\u0219 fi putut s\u0103 am p\u00e2rghiile necesare s\u0103 m\u0103 ap\u0103r.<\/p>\n<p>Nedreptatea pentru mine a fost foarte mare, pentru c\u0103 am jucat corect.\u201d, a declarat <a href=\"https:\/\/www.realitatea.net\/stiri\/politica\/exclusiv-bec-a-interzis-clipurile-usr-lasconi-reactioneaza_67fa74bb9adafb056c67da12\" target=\"_blank\">Elena Lasconi.<\/a><\/p>","protected":false},"excerpt":{"rendered":"<p>Lasconi: \u201eAm fost cu USR la starea civil\u0103, dar au ales alt\u0103 so\u021bie!\u201d \u201eEra previzibil\u0103&hellip;<\/p>\n","protected":false},"author":0,"featured_media":46844,"comment_status":"open","ping_status":"open","sticky":false,"template":"","format":"standard","meta":{"footnotes":""},"categories":[3],"tags":[],"class_list":["post-46843","post","type-post","status-publish","format-standard","has-post-thumbnail","hentry","category-politica"],"_links":{"self":[{"href":"https:\/\/247stiri.ro\/index.php\/wp-json\/wp\/v2\/posts\/46843","targetHints":{"allow":["GET"]}}],"collection":[{"href":"https:\/\/247stiri.ro\/index.php\/wp-json\/wp\/v2\/posts"}],"about":[{"href":"https:\/\/247stiri.ro\/index.php\/wp-json\/wp\/v2\/types\/post"}],"replies":[{"embeddable":true,"href":"https:\/\/247stiri.ro\/index.php\/wp-json\/wp\/v2\/comments?post=46843"}],"version-history":[{"count":0,"href":"https:\/\/247stiri.ro\/index.php\/wp-json\/wp\/v2\/posts\/46843\/revisions"}],"wp:featuredmedia":[{"embeddable":true,"href":"https:\/\/247stiri.ro\/index.php\/wp-json\/wp\/v2\/media\/46844"}],"wp:attachment":[{"href":"https:\/\/247stiri.ro\/index.php\/wp-json\/wp\/v2\/media?parent=46843"}],"wp:term":[{"taxonomy":"category","embeddable":true,"href":"https:\/\/247stiri.ro\/index.php\/wp-json\/wp\/v2\/categories?post=46843"},{"taxonomy":"post_tag","embeddable":true,"href":"https:\/\/247stiri.ro\/index.php\/wp-json\/wp\/v2\/tags?post=46843"}],"curies":[{"name":"wp","href":"https:\/\/api.w.org\/{rel}","templated":true}]}}