{"id":4688,"date":"2024-11-05T12:52:11","date_gmt":"2024-11-05T12:52:11","guid":{"rendered":"https:\/\/247stiri.ro\/index.php\/2024\/11\/05\/perchezitii-la-spitalul-de-psihiatrie-socola-din-iasi-intr-un-dosar-cu-certificate-false-de-handicap\/"},"modified":"2024-11-05T12:52:11","modified_gmt":"2024-11-05T12:52:11","slug":"perchezitii-la-spitalul-de-psihiatrie-socola-din-iasi-intr-un-dosar-cu-certificate-false-de-handicap","status":"publish","type":"post","link":"https:\/\/247stiri.ro\/index.php\/2024\/11\/05\/perchezitii-la-spitalul-de-psihiatrie-socola-din-iasi-intr-un-dosar-cu-certificate-false-de-handicap\/","title":{"rendered":"Perchezi\u021bii la Spitalul de Psihiatrie Socola din Ia\u0219i \u00eentr-un dosar cu certificate false de handicap"},"content":{"rendered":"<p>La sf\u00e2r\u0219itul s\u0103pt\u0103m\u00e2nii trecute,\u00a0poli\u021bi\u0219tii \u0219i procurorii de pe l\u00e2ng\u0103 Tribunalul Ia\u0219i au anun\u021bat 21 de perchezi\u021bii domiciliare\u00a0la persoane fizice \u0219i institu\u021bii publice, \u00eentr-o cauz\u0103 privitoare la infrac\u021biuni de corup\u021bie.<\/p>\n<p>Au fost 9 audieri dup\u0103 aceste perchezi\u021bii, care s-au derulat inclusiv \u00een cursul zilei de vineri, 1 noiembrie. Ancheta a relevat, potrivit celor implica\u021bi, c\u0103 persoane din mediul medical implicate \u00een schema infrac\u021bional\u0103 au favorizat intern\u0103ri fictive, acordarea de concedii de s\u0103n\u0103tate f\u0103r\u0103 temei sau au \u00eentocmit documenta\u021bii false despre \u00eengrijirile primite, de la medica\u021bie la zile de spitalizare.<\/p>\n<p>Aceste acte erau folosite ulterior pentru\u00a0ob\u021binerea certificatelor de handicap. \u201e\u00cencep\u00e2nd cu luna august 2024, inculpatul M.C.C. a pretins \u0219i a primit de la suspectul A.I.L., \u00een mod repetat (\u00een lunile august 2024 \u0219i septembrie 2024), \u00een mod direct, sume cuprinse \u00eentre 400 lei \u2013 700 de lei (din care suma de 100 lei\/200 de lei pentru sine, iar suma de 300 de lei\/500 lei pentru al\u021bii- medici \u0219i asisten\u021bi medicali), reprezent\u00e2nd pre\u021bul influen\u021bei reale a acestuia asupra cadrelor medicale din Centrul de S\u0103n\u0103tate Mintal\u0103 Dr. Ghelerter Ia\u0219i din cadrul Institutului de Psihiatrie Socola Ia\u0219i, \u00een schimbul promisiunii de a determina cadrele medicale s\u0103 \u00eendeplineasc\u0103 acte contrare \u00eendatoririlor de serviciu\u201d, men\u021bioneaz\u0103 procurorii.<\/p>\n<p>\u00a0Bani pentru diagnostice fictive<\/p>\n<p>\u00a0<\/p>\n<p>Cadrele medicale mituite sunt suspectate de emiterea unei documenta\u021bii cu men\u021biuni false cu privire la: diagnostice medicale, spitalizare \u00een Centrul de S\u0103n\u0103tate Mintal\u0103 Dr. Ghelerter Ia\u0219i, acordarea fictiv\u0103 de \u00eengrijiri \u0219i tratamente medicale pe durata intern\u0103rii, eliberarea unor bilete de externare \u00een fals, acordarea \u0219i ulterior prelungirea unor foi de concedii medicale \u00een fals etc.<\/p>\n<p>Ulterior, acela\u0219i inculpat \u00eei ajuta pe cei pentru care cump\u0103ra traficul de influen\u021b\u0103 s\u0103 intre \u00een posesia documentelor falsificate, prelu\u00e2nd bilete de externare, dar \u0219i foi de acordare\/prelungire concediu medical.<\/p>\n<p>Cazul angaja\u021bilor DGASPC Vaslui cu certificate de handicap<\/p>\n<p>Poli\u021bi\u0219tii vasluieni s-au autosesizat c\u0103 la DGASPC Vaslui lucreaz\u0103 nu mai pu\u021bin de 54 de persoane care de\u021bin certificate de \u00eencadrare \u00een grad de handicap. Printre ele, \u0219i directorul institu\u021biei, Drago\u0219 Cazacu, care de\u0219i sufer\u0103 de mai mul\u021bi ani de o boal\u0103 autoimun\u0103, a ales s\u0103-\u0219i fac\u0103 dosarul de \u00eencadrare \u00een grad de handicap abia \u00een 2021, dup\u0103 ce a fost \u00eensc\u0103unat ca \u0219ef al DGASPC Vaslui. Miercuri, poli\u021bi\u0219tii vasluieni, sub coordonarea unui procuror din cadrul Parchetului de pe l\u00e2ng\u0103 Judec\u0103toria Vaslui, au descins la DGASPC Vaslui, unde au verificat c\u00e2t de legal\u0103 a fost decizia luat\u0103 de comisia de evaluare \u00een cazul lui Cazacu \u0219i a celorlal\u021bi angaja\u021bi.<\/p>\n<p>Perchezi\u021bii \u0219i la o clinic\u0103 de recuperare medical\u0103 din Vaslui<\/p>\n<p>Potrivit purt\u0103torului de cuv\u00e2nt al IPJ Vaslui, tot miercuri au avut loc perchezi\u021bii \u0219i la o clinic\u0103 de recuperare medical\u0103, din municipiul Vaslui. Potrivit surselor noastre, ar fi vorba despre Giaclinik, cu sediul l\u00e2ng\u0103 Pia\u021ba Vidin. \u201c\u00cen cadrul opera\u021biunii JUPITER, sub coordonarea Parchetului de pe l\u00e2ng\u0103 \u00cenalta Curte de Casa\u021bie \u0219i Justi\u021bie \u0219i Inspectoratului General al Poli\u021biei Rom\u00e2ne, la data de 23 octombrie 2024, poli\u021bi\u0219tii Serviciului de Investigare a Criminalit\u0103\u021bii Economice, din cadrul Inspectoratului de Poli\u021bie Jude\u021bean Vaslui, sub supravegherea procurorului din cadrul Parchetului de pe l\u00e2ng\u0103 Judec\u0103toria Vaslui, au pus \u00een aplicare 3 mandate de perchezi\u021bie domiciliar\u0103, \u00een municipiul Vaslui.<\/p>\n<p>Astfel, poli\u021bi\u0219tii Serviciului de Investigare a Criminalit\u0103\u021bii Economice Vaslui au pus \u00een aplicare 3 mandate de perchezi\u021bie, la sediul unei institu\u021bii \u0219i al unei clinici medicale, ambele din municipiul Vaslui. \u00cen aceast\u0103 cauz\u0103 sunt efectuate cercet\u0103ri, sub supravegherea Parchetului de pe l\u00e2ng\u0103 Judec\u0103toria Vaslui, sub aspectul s\u0103v\u00e2r\u0219irii infrac\u021biunilor de abuz \u00een serviciu, fals intelectual \u0219i uz de fals, fiind cercetat\u0103 modalitatea \u00een care au fost emise certificate de \u00eencadrare \u00een grad de handicap.<\/p>\n<p>\u00cen urma punerii \u00een executare a mandatelor de perchezi\u021bie, au fost descoperite \u0219i ridicate documente ce pot servi la solu\u021bionarea cauzei.<\/p>\n<p>Ancheta este \u00een curs de desf\u0103\u0219urare, fiind continuate cercet\u0103rile, \u00een vederea stabilirii \u0219i prob\u0103rii \u00eentregii activit\u0103\u021bi infrac\u021bionale a tuturor persoanelor implicate \u0219i dispunerea m\u0103surilor legale\u201d, a declarat Bogdan Gheorghi\u021b\u0103, purt\u0103torul de cuv\u00e2nt al IPJ Vaslui.<\/p>\n<p><a href=\"https:\/\/www.vremeanoua.ro\/\" target=\"_blank\" rel=\"noopener\">SURSA<\/a><\/p>","protected":false},"excerpt":{"rendered":"<p>La sf\u00e2r\u0219itul s\u0103pt\u0103m\u00e2nii trecute,\u00a0poli\u021bi\u0219tii \u0219i procurorii de pe l\u00e2ng\u0103 Tribunalul Ia\u0219i au anun\u021bat 21 de&hellip;<\/p>\n","protected":false},"author":0,"featured_media":4689,"comment_status":"open","ping_status":"open","sticky":false,"template":"","format":"standard","meta":{"footnotes":""},"categories":[2],"tags":[],"class_list":["post-4688","post","type-post","status-publish","format-standard","has-post-thumbnail","hentry","category-actual"],"_links":{"self":[{"href":"https:\/\/247stiri.ro\/index.php\/wp-json\/wp\/v2\/posts\/4688","targetHints":{"allow":["GET"]}}],"collection":[{"href":"https:\/\/247stiri.ro\/index.php\/wp-json\/wp\/v2\/posts"}],"about":[{"href":"https:\/\/247stiri.ro\/index.php\/wp-json\/wp\/v2\/types\/post"}],"replies":[{"embeddable":true,"href":"https:\/\/247stiri.ro\/index.php\/wp-json\/wp\/v2\/comments?post=4688"}],"version-history":[{"count":0,"href":"https:\/\/247stiri.ro\/index.php\/wp-json\/wp\/v2\/posts\/4688\/revisions"}],"wp:featuredmedia":[{"embeddable":true,"href":"https:\/\/247stiri.ro\/index.php\/wp-json\/wp\/v2\/media\/4689"}],"wp:attachment":[{"href":"https:\/\/247stiri.ro\/index.php\/wp-json\/wp\/v2\/media?parent=4688"}],"wp:term":[{"taxonomy":"category","embeddable":true,"href":"https:\/\/247stiri.ro\/index.php\/wp-json\/wp\/v2\/categories?post=4688"},{"taxonomy":"post_tag","embeddable":true,"href":"https:\/\/247stiri.ro\/index.php\/wp-json\/wp\/v2\/tags?post=4688"}],"curies":[{"name":"wp","href":"https:\/\/api.w.org\/{rel}","templated":true}]}}