{"id":46887,"date":"2025-04-13T05:44:49","date_gmt":"2025-04-13T05:44:49","guid":{"rendered":"https:\/\/247stiri.ro\/index.php\/2025\/04\/13\/sarbatoare-mare-in-calendarul-ortodox-ce-fac-romanii-in-duminica-floriilor-traditii-pentru-aceasta-zi-speciala\/"},"modified":"2025-04-13T05:44:49","modified_gmt":"2025-04-13T05:44:49","slug":"sarbatoare-mare-in-calendarul-ortodox-ce-fac-romanii-in-duminica-floriilor-traditii-pentru-aceasta-zi-speciala","status":"publish","type":"post","link":"https:\/\/247stiri.ro\/index.php\/2025\/04\/13\/sarbatoare-mare-in-calendarul-ortodox-ce-fac-romanii-in-duminica-floriilor-traditii-pentru-aceasta-zi-speciala\/","title":{"rendered":"S\u0103rb\u0103toare MARE \u00een calendarul ortodox! Ce fac rom\u00e2nii \u00een duminica Floriilor? Tradi\u021bii pentru aceast\u0103 zi SPECIAL\u0102"},"content":{"rendered":"<p>Semnifica\u021bia religioas\u0103 a Floriilor<\/p>\n<p><a href=\"https:\/\/www.realitatea.net\/stiri\/lifestyle\/duminica-floriilor-semnificatie-traditii-si-obiceiuri-intruna-dintre-cele-mai-importante-sarbatori-crestine-ce-se-sarbatoreste-pe-13-aprilie-2025_67f6c3184c3036770b5f3e13\" target=\"_blank\">Potrivit relat\u0103rilor biblice<\/a>, Iisus a fost \u00eent\u00e2mpinat \u00een Ierusalim de mul\u021bimi care \u00eel aclamau \u0219i \u00eel a\u0219teptau cu ramuri de finic \u0219i m\u0103slin, strig\u00e2nd \u201eOsana! Bine este cuv\u00e2ntat Cel ce vine \u00een numele Domnului!\u201d. Este singura dat\u0103 c\u00e2nd M\u00e2ntuitorul a acceptat s\u0103 fie primit ca un \u00eemp\u0103rat, iar momentul este comemorat cu o slujb\u0103 special\u0103 \u00een toate bisericile ortodoxe.<\/p>\n<p>\u00cen Rom\u00e2nia, ramurile de salcie au \u00eenlocuit tradi\u021bionalele frunze de m\u0103slin \u0219i finic, adapt\u00e2nd astfel simbolistica biblic\u0103 la specificul local.<\/p>\n<p>Tradi\u021bii legate de salcia sfin\u021bit\u0103<\/p>\n<p>Salcia are un loc aparte \u00een ritualurile de Florii. Se spune c\u0103, odinioar\u0103, Maica Domnului ar fi traversat un r\u00e2u pe o punte format\u0103 din ramuri de salcie, motiv pentru care aceast\u0103 plant\u0103 a fost binecuv\u00e2ntat\u0103. Crengu\u021bele sfin\u021bite \u00een biseric\u0103 sunt apoi p\u0103strate la icoane, a\u0219ezate la intrarea \u00een cas\u0103 sau purtate \u00een jurul taliei pentru protec\u021bie \u0219i s\u0103n\u0103tate.<\/p>\n<p>\u00cen unele regiuni, ele sunt puse sub pern\u0103 de fetele care sper\u0103 s\u0103-\u0219i viseze ursitul, iar \u00een altele, sunt duse la cimitir \u0219i a\u0219ezate pe morminte, \u00een semn de amintire pentru cei trecu\u021bi \u00een nefiin\u021b\u0103.<\/p>\n<p>Obiceiuri populare \u0219i supersti\u021bii de Florii<\/p>\n<p>Ziua de Florii este plin\u0103 de obiceiuri \u0219i credin\u021be transmise din genera\u021bie \u00een genera\u021bie:<\/p>\n<p>\u00a0 \u00a0 Este dezlegare la pe\u0219te, a doua din Postul Pa\u0219telui, dup\u0103 cea de la Buna Vestire.<\/p>\n<p>\u00a0 \u00a0 Nu este bine s\u0103 te speli pe cap, exist\u00e2nd supersti\u021bia c\u0103 vei albi prematur. Dac\u0103 e totu\u0219i necesar, se recomand\u0103 apa sfin\u021bit\u0103.<\/p>\n<p>\u00a0 \u00a0 Se crede c\u0103 dorin\u021bele puse \u00een ziua Floriilor, dup\u0103 \u00eemp\u0103rt\u0103\u0219anie, se pot \u00eemplini.<\/p>\n<p>\u00cen Banat \u0219i Transilvania, fetele \u00ee\u0219i las\u0103 o c\u0103ma\u0219\u0103 curat\u0103 \u0219i o oglind\u0103 sub un p\u0103r altoit, peste noapte, pentru noroc \u00een dragoste \u0219i s\u0103n\u0103tate. Gospodinele preg\u0103tesc pl\u0103cinte \u0219i le ofer\u0103 de poman\u0103 celor nevoia\u0219i.<\/p>\n<p>Semne din b\u0103tr\u00e2ni: Vremea de Florii prevede cum va fi de Pa\u0219te<\/p>\n<p>Conform credin\u021bei populare, vremea din Duminica Floriilor anticipeaz\u0103 starea vremii de Pa\u0219te. \u00cen unele zone se spune c\u0103 dac\u0103 e soare de Florii, de Pa\u0219te va ploua, iar dac\u0103 e mohor\u00e2t, va fi cald \u0219i senin la \u00cenviere. Interpret\u0103rile variaz\u0103, \u00eens\u0103 leg\u0103tura simbolic\u0103 dintre cele dou\u0103 s\u0103rb\u0103tori r\u0103m\u00e2ne vie.<\/p>\n<p>Floriile mai sunt cunoscute \u0219i sub denumirea de \u201eNunta urzicilor\u201d, deoarece \u00een aceast\u0103 perioad\u0103 plantele \u00eencep s\u0103 \u00eenfloreasc\u0103 \u0219i nu mai sunt bune pentru g\u0103tit \u2013 un semn c\u0103 Postul Mare se apropie de final.<\/p>\n<p>R\u0103d\u0103cinile s\u0103rb\u0103torii merg mai departe \u00een timp, p\u00e2n\u0103 \u00een perioada roman\u0103, c\u00e2nd era dedicat\u0103 zei\u021bei Flora. Odat\u0103 cu cre\u0219tinarea poporului, Floriile au c\u0103p\u0103tat sensul actual, devenind un moment de \u00eennoire sufleteasc\u0103 \u0219i de apropiere de Dumnezeu.<\/p>\n<p>Ce se face \u00een Duminica Floriilor<\/p>\n<p>\u00cen seara Floriilor \u00eencep deniile, slujbe speciale \u021binute \u00een fiecare sear\u0103 p\u00e2n\u0103 la Pa\u0219te, care rememoreaz\u0103 patimile lui Iisus. De asemenea, este ziua \u00een care mul\u021bi credincio\u0219i aleg s\u0103 se spovedeasc\u0103 \u0219i s\u0103 se \u00eemp\u0103rt\u0103\u0219easc\u0103, preg\u0103tindu-se pentru S\u0103pt\u0103m\u00e2na Mare.<\/p>\n<p>\u00cen aceast\u0103 zi se roste\u0219te o rug\u0103ciune special\u0103, care aminte\u0219te de Intrarea Domnului \u00een Ierusalim \u0219i cere protec\u021bie, binecuv\u00e2ntare \u0219i cur\u0103\u021birea sufletului \u00een a\u0219teptarea \u00cenvierii. Rug\u0103ciunea este un moment de reflec\u021bie \u0219i apropiere de divin, rostit\u0103 cu evlavie de c\u0103tre credincio\u0219i.Numele s\u0103rb\u0103torite de Florii<\/p>\n<p><a href=\"https:\/\/www.realitatea.net\/stiri\/actual\/cand-sunt-floriile-in-2025-ce-semnificatie-si-traditii-sunt-legate-de-aceasta-mare-sarbatoare_67f35a6ce0c89742744f82dc\" target=\"_blank\">Duminica Floriilor<\/a> este \u0219i prilej de s\u0103rb\u0103toare pentru to\u021bi cei care poart\u0103 nume de flori. Cei mai cunoscu\u021bi sunt Florin, Florina, Viorica, Florentina, dar \u0219i L\u0103cr\u0103mioara, Narcisa, Iris, Garofi\u021ba, Rozalia, Viorel \u0219i mul\u021bi al\u021bii. Este o zi \u00een care ur\u0103rile de \u201eLa mul\u021bi ani!\u201d se \u00eempletesc cu bucuria unei mari s\u0103rb\u0103tori religioase.<\/p>\n<p>A\u0219adar, pe 13 aprilie 2025 s\u0103rb\u0103torim Floriile, iar pe 20 aprilie va avea loc Pa\u0219tele Ortodox. Este un moment de introspec\u021bie, dar \u0219i de speran\u021b\u0103 \u0219i re\u00eennoire, care aduce \u00eempreun\u0103 credin\u021ba, tradi\u021biile \u0219i leg\u0103tura cu cei dragi.<\/p>","protected":false},"excerpt":{"rendered":"<p>Semnifica\u021bia religioas\u0103 a Floriilor Potrivit relat\u0103rilor biblice, Iisus a fost \u00eent\u00e2mpinat \u00een Ierusalim de mul\u021bimi&hellip;<\/p>\n","protected":false},"author":0,"featured_media":46888,"comment_status":"open","ping_status":"open","sticky":false,"template":"","format":"standard","meta":{"footnotes":""},"categories":[2],"tags":[],"class_list":["post-46887","post","type-post","status-publish","format-standard","has-post-thumbnail","hentry","category-actual"],"_links":{"self":[{"href":"https:\/\/247stiri.ro\/index.php\/wp-json\/wp\/v2\/posts\/46887","targetHints":{"allow":["GET"]}}],"collection":[{"href":"https:\/\/247stiri.ro\/index.php\/wp-json\/wp\/v2\/posts"}],"about":[{"href":"https:\/\/247stiri.ro\/index.php\/wp-json\/wp\/v2\/types\/post"}],"replies":[{"embeddable":true,"href":"https:\/\/247stiri.ro\/index.php\/wp-json\/wp\/v2\/comments?post=46887"}],"version-history":[{"count":0,"href":"https:\/\/247stiri.ro\/index.php\/wp-json\/wp\/v2\/posts\/46887\/revisions"}],"wp:featuredmedia":[{"embeddable":true,"href":"https:\/\/247stiri.ro\/index.php\/wp-json\/wp\/v2\/media\/46888"}],"wp:attachment":[{"href":"https:\/\/247stiri.ro\/index.php\/wp-json\/wp\/v2\/media?parent=46887"}],"wp:term":[{"taxonomy":"category","embeddable":true,"href":"https:\/\/247stiri.ro\/index.php\/wp-json\/wp\/v2\/categories?post=46887"},{"taxonomy":"post_tag","embeddable":true,"href":"https:\/\/247stiri.ro\/index.php\/wp-json\/wp\/v2\/tags?post=46887"}],"curies":[{"name":"wp","href":"https:\/\/api.w.org\/{rel}","templated":true}]}}