{"id":46921,"date":"2025-04-13T10:44:48","date_gmt":"2025-04-13T10:44:48","guid":{"rendered":"https:\/\/247stiri.ro\/index.php\/2025\/04\/13\/george-simion-apel-de-ultima-ora-pe-pagina-sa-oficiala-retrageti-i-urgent-pe-muraru-si-ioanid\/"},"modified":"2025-04-13T10:44:48","modified_gmt":"2025-04-13T10:44:48","slug":"george-simion-apel-de-ultima-ora-pe-pagina-sa-oficiala-retrageti-i-urgent-pe-muraru-si-ioanid","status":"publish","type":"post","link":"https:\/\/247stiri.ro\/index.php\/2025\/04\/13\/george-simion-apel-de-ultima-ora-pe-pagina-sa-oficiala-retrageti-i-urgent-pe-muraru-si-ioanid\/","title":{"rendered":"George Simion, apel de ultima or\u0103 pe pagina sa oficial\u0103: \u201eRetrage\u021bi-i urgent pe Muraru \u0219i Ioanid!\u201d"},"content":{"rendered":"<p>Ce a transmis George Simion?<\/p>\n<p><a href=\"https:\/\/www.realitatea.net\/stiri\/politica\/george-simion-ideea-de-tur-doi-inapoi-inseamna-revenirea-la-normal_67fab5f2a126ca45226cde52\" target=\"_blank\">Potrivit lui George Simion,<\/a> cei doi oficiali romani ar fi sus\u021binut o campanie de denigrare la adresa sa \u0219i a milioane de rom\u00e2ni, \u0219i care totodat\u0103 ar fi ales s\u0103 calce \u00een picioare demnitatea na\u021bional\u0103 \u0219i s\u0103 mint\u0103 cu premeditare despre realitatea din Rom\u00e2nia.\u00a0<\/p>\n<p>Simion sus\u021bine c\u0103 ace\u0219tia ar fi publicat minciuni propagandistice \u00eentr-o publica\u021bie interna\u021bional\u0103 care nu au nicio leg\u0103tur\u0103 cu suveranitatea, adev\u0103rul istoric sau interesul na\u021bional.<\/p>\n<p><a href=\"https:\/\/www.realitatea.net\/stiri\/actual\/george-simion-avertizeaza-mi-se-pare-periculos-sa-nu-mai-avem-trupe-americane-in-romania_67f94047ea56dd1b0b7b3652\" target=\"_blank\">\u00a0Liderul suverani\u0219tilor<\/a> spune c\u0103 ar fi fost acuzat c\u0103 ar fi glorificat fasci\u0219ti, c\u0103 ar fi negat Holocaustul, si c\u0103 ar fi sprijinit figuri controversate ca s\u0103 pun\u0103 \u00een pericol democra\u021bia, iar aceste ac\u021biuni sunt total false.\u00a0<\/p>","protected":false},"excerpt":{"rendered":"<p>Ce a transmis George Simion? Potrivit lui George Simion, cei doi oficiali romani ar fi&hellip;<\/p>\n","protected":false},"author":0,"featured_media":46922,"comment_status":"open","ping_status":"open","sticky":false,"template":"","format":"standard","meta":{"footnotes":""},"categories":[3],"tags":[],"class_list":["post-46921","post","type-post","status-publish","format-standard","has-post-thumbnail","hentry","category-politica"],"_links":{"self":[{"href":"https:\/\/247stiri.ro\/index.php\/wp-json\/wp\/v2\/posts\/46921","targetHints":{"allow":["GET"]}}],"collection":[{"href":"https:\/\/247stiri.ro\/index.php\/wp-json\/wp\/v2\/posts"}],"about":[{"href":"https:\/\/247stiri.ro\/index.php\/wp-json\/wp\/v2\/types\/post"}],"replies":[{"embeddable":true,"href":"https:\/\/247stiri.ro\/index.php\/wp-json\/wp\/v2\/comments?post=46921"}],"version-history":[{"count":0,"href":"https:\/\/247stiri.ro\/index.php\/wp-json\/wp\/v2\/posts\/46921\/revisions"}],"wp:featuredmedia":[{"embeddable":true,"href":"https:\/\/247stiri.ro\/index.php\/wp-json\/wp\/v2\/media\/46922"}],"wp:attachment":[{"href":"https:\/\/247stiri.ro\/index.php\/wp-json\/wp\/v2\/media?parent=46921"}],"wp:term":[{"taxonomy":"category","embeddable":true,"href":"https:\/\/247stiri.ro\/index.php\/wp-json\/wp\/v2\/categories?post=46921"},{"taxonomy":"post_tag","embeddable":true,"href":"https:\/\/247stiri.ro\/index.php\/wp-json\/wp\/v2\/tags?post=46921"}],"curies":[{"name":"wp","href":"https:\/\/api.w.org\/{rel}","templated":true}]}}