{"id":46923,"date":"2025-04-13T10:44:49","date_gmt":"2025-04-13T10:44:49","guid":{"rendered":"https:\/\/247stiri.ro\/index.php\/2025\/04\/13\/scandalurile-prin-care-a-devenit-celebru-candidatul-lui-soros-nicusor-si-sorosista-care-nu-mai-vrea-alegeri-directe-in-romania\/"},"modified":"2025-04-13T10:44:49","modified_gmt":"2025-04-13T10:44:49","slug":"scandalurile-prin-care-a-devenit-celebru-candidatul-lui-soros-nicusor-si-sorosista-care-nu-mai-vrea-alegeri-directe-in-romania","status":"publish","type":"post","link":"https:\/\/247stiri.ro\/index.php\/2025\/04\/13\/scandalurile-prin-care-a-devenit-celebru-candidatul-lui-soros-nicusor-si-sorosista-care-nu-mai-vrea-alegeri-directe-in-romania\/","title":{"rendered":"Scandalurile prin care a devenit celebru candidatul lui Soro\u0219. Nicu\u0219or \u0219i soro\u0219ista care nu mai vrea alegeri directe \u00een Rom\u00e2nia"},"content":{"rendered":"<p>Activist\u0103 \u0219i ea din zona soro\u0219ist\u0103 ce a venit cu o propunere controversat\u0103 dup\u0103 anularea alegerilor de anul trecut.\u00a0<\/p>\n<p>Statul ar trebui s\u0103 renun\u021be la alegerea direct\u0103 a pre\u0219edintelui prin votul poporului. Acum, dup\u0103 patru ani \u00een administrarea edilului, Bucure\u0219tiul este \u00een paragin\u0103.\u00a0<\/p>\n<p>Cum a devenit Nicu\u0219or cunoscut<\/p>\n<p>\u201e &#8211; V-am rugat s\u0103 \u00eenchidem aceast\u0103 activitate. Dumneavoastr\u0103, sunte\u021bi liderul practic \u0219i to\u021bi v\u0103 cunosc pe dumneavoastr\u0103. Haide\u021bi, v\u0103 rugam s\u0103 p\u0103r\u0103si\u021bi zona \u00een acest moment.\u00a0<\/p>\n<p>\u00a0&#8211; Eu numai \u00eencerc s\u0103 \u00eei ajut. Ia ajuta\u021bi s\u0103 p\u0103r\u0103si\u021bi zona. Erau domnii acolo care au spus ca trebuie s\u0103 plece? Gata, mul\u021bumesc frumos.\u00a0Nicu\u0219or: \u00cemi da\u021bi numele dumneavoastr\u0103?\u201d<\/p>\n<p>Sunt imagini de la unul dintre protestele ce l-au propulsat \u00een aten\u021bia opiniei publice pe <a href=\"https:\/\/www.realitatea.net\/stiri\/politica\/lasconi-nicusor-dan-mia-cerut-sa-ma-retrag-in-favoarea-lui-ciuca_67fa8e986592452fee58f342\" target=\"_blank\">Nicu\u0219or Dan.<\/a> La vremea aceea, zeci de persoane au protestat \u00een fa\u021ba Halei Matache fa\u021b\u0103 de decizie municipalit\u0103\u021bii de a demola o cl\u0103dire istoric\u0103. \u00cen demersurile sale a fost sus\u021binut de multe ori de Alina Mungiu Pippidi.<\/p>\n<p>\u00a0Cunoscut\u0103 \u0219i ea pentru prezen\u021ba la manifesta\u021bii precum cea din anul 2007 pentru sus\u021binerea Monic\u0103i Macovei, Pippidi a venit anul trecut cu o propunere \u0219ocant\u0103: pre\u0219edintele s\u0103 nu mai fie numit de rom\u00e2ni pentru c\u0103 citez &#8211; semi-preziden\u021bialismul este o stru\u021bo-c\u0103mil\u0103.<\/p>\n<p>\u201eA\u0219 vrea s\u0103 \u00eel rog pe domnul Nicu\u0219or Dan s\u0103 v\u0103 prezinte un pic proiectele \u00een zona Berzei Matache \u0219i cum am ajuns s\u0103 \u00eel d\u0103m in judecat\u0103 pe primarul Oprescu.\u201d<\/p>\n<p>\u201eHaide\u021bi, v\u0103 rug\u0103m. Sta\u021bi o secund\u0103, pute\u021bi s\u0103 m\u0103 legitima\u021bi aici? \u00cen primul r\u00e2nd pute\u021bi s\u0103 v\u0103 legitima\u021bi dumneavoastr\u0103. Am p\u0103r\u0103sit zona, aten\u021bie, am p\u0103r\u0103sit zona. \u00cen primul r\u00e2nd, eu v\u0103 dau buletinul meu&#8230;haide\u021bi s\u0103 mergem&#8230;v\u0103 dau buletinul, dumneavoastr\u0103 \u00eemi da\u021bi. V\u0103 rug\u0103m, haide\u021bi, haide\u021bi.\u201d<\/p>\n<p>De\u0219i atunci milita pentru protejarea \u0219i reabilitarea cl\u0103dirilor istorice, <a href=\"https:\/\/www.realitatea.net\/stiri\/actual\/reactia-lui-nicusor-dan-dupa-ce-doi-batrani-au-murit-intoxicati-cu-gaze-pentru-ca-au-vrut-sa-se-incalzeasca_67fa5e858b05c6458837b4c3\" target=\"_blank\">situa\u021bia din Capital\u0103<\/a> este dezastruoas\u0103. Mii de cl\u0103diri se pot pr\u0103bu\u0219i oric\u00e2nd.\u00a0<\/p>","protected":false},"excerpt":{"rendered":"<p>Activist\u0103 \u0219i ea din zona soro\u0219ist\u0103 ce a venit cu o propunere controversat\u0103 dup\u0103 anularea&hellip;<\/p>\n","protected":false},"author":0,"featured_media":46924,"comment_status":"open","ping_status":"open","sticky":false,"template":"","format":"standard","meta":{"footnotes":""},"categories":[3],"tags":[],"class_list":["post-46923","post","type-post","status-publish","format-standard","has-post-thumbnail","hentry","category-politica"],"_links":{"self":[{"href":"https:\/\/247stiri.ro\/index.php\/wp-json\/wp\/v2\/posts\/46923","targetHints":{"allow":["GET"]}}],"collection":[{"href":"https:\/\/247stiri.ro\/index.php\/wp-json\/wp\/v2\/posts"}],"about":[{"href":"https:\/\/247stiri.ro\/index.php\/wp-json\/wp\/v2\/types\/post"}],"replies":[{"embeddable":true,"href":"https:\/\/247stiri.ro\/index.php\/wp-json\/wp\/v2\/comments?post=46923"}],"version-history":[{"count":0,"href":"https:\/\/247stiri.ro\/index.php\/wp-json\/wp\/v2\/posts\/46923\/revisions"}],"wp:featuredmedia":[{"embeddable":true,"href":"https:\/\/247stiri.ro\/index.php\/wp-json\/wp\/v2\/media\/46924"}],"wp:attachment":[{"href":"https:\/\/247stiri.ro\/index.php\/wp-json\/wp\/v2\/media?parent=46923"}],"wp:term":[{"taxonomy":"category","embeddable":true,"href":"https:\/\/247stiri.ro\/index.php\/wp-json\/wp\/v2\/categories?post=46923"},{"taxonomy":"post_tag","embeddable":true,"href":"https:\/\/247stiri.ro\/index.php\/wp-json\/wp\/v2\/tags?post=46923"}],"curies":[{"name":"wp","href":"https:\/\/api.w.org\/{rel}","templated":true}]}}